{"id":68642,"date":"2017-08-17T20:38:04","date_gmt":"2017-08-17T17:38:04","guid":{"rendered":"http:\/\/www.sana.sy\/es\/?p=68642"},"modified":"2017-08-17T20:38:04","modified_gmt":"2017-08-17T17:38:04","slug":"primer-ministro-sirio-se-reune-con-los-ministros-de-agricultura-e-industria-del-libano","status":"publish","type":"post","link":"https:\/\/archive.sana.sy\/es\/?p=68642","title":{"rendered":"Primer Ministro sirio se re\u00fane con los ministros de Agricultura e Industria del L\u00edbano"},"content":{"rendered":"<p>Damasco, SANA<\/p>\n<p>El primer ministro, Imad Khamis, se reuni\u00f3 este jueves por separado con los ministros de Agricultura e Industria del L\u00edbano, Ghazi Zayter y Hossein al Hay Hassan, y examin\u00f3 con los mismos las v\u00edas de mejorar la cooperaci\u00f3n binacional en materia agr\u00edcola e industrial.<\/p>\n<p>Durante el encuentro, Khamis apreci\u00f3 la visita de los ministros a Siria y la participaci\u00f3n de las compa\u00f1\u00edas libanesas en la Feria Internacional de Damasco.<\/p>\n<p>A su vez, el ministro Zayter exalt\u00f3 las victorias logradas por el Ej\u00e9rcito sirio sobre los terroristas, afirmando que todos los intentos encaminados a arrodillar a Siria terminaron en fracaso, y la celebraci\u00f3n de la Feria Internacional de Damasco es el anuncio de la Victoria de Siria en su guerra contra el terrorismo y el inicio de la recuperaci\u00f3n de su sector econ\u00f3mico.<\/p>\n<p>A la reuni\u00f3n asisti\u00f3 el ministro de Agricultura, Ahmad Qadiri, y el secretario general de la presidencia del Consejo de Ministros, Qais Kheder.<\/p>\n<p>Al reunirse con el titular de Industria liban\u00e9s, el jefe del Ejecutivo sirio destac\u00f3 la importancia de reactivar los acuerdos firmados entre ambos pa\u00edses en materia de la industria, y de allanar todos los obst\u00e1culos que impidan el impulso de la cooperaci\u00f3n conjunta en los diferentes campos.<\/p>\n<p>En el mismo contexto, el ministro de Industria sirio abord\u00f3 con su par liban\u00e9s las v\u00edas de superar los obst\u00e1culos ante el intercambio de los productos industriales, y el control del mismo, lo que reflejar\u00e1 positivamente sobre la situaci\u00f3n del sector industrial en ambos pa\u00edses.<\/p>\n<p>Asimismo, el titular de Agricultura sirio debati\u00f3 con su hom\u00f3logo del pa\u00eds vecino la necesidad de reactivar la cooperaci\u00f3n conjunta en materia agr\u00edcola mediante un comit\u00e9 t\u00e9cnico mixto, el cual se reunir\u00e1 la pr\u00f3xima semana en el L\u00edbano. Ambas partes resaltaron tambi\u00e9n la importancia de luchar contra todos los tipos de contrabando en la frontera mutua.<\/p>\n<p>L.A.<\/p>\n","protected":false},"excerpt":{"rendered":"<p>Damasco, SANA El primer ministro, Imad Khamis, se reuni\u00f3 este jueves por separado con los ministros de Agricultura e Industria del L\u00edbano, Ghazi Zayter y Hossein al Hay Hassan, y examin\u00f3 con los mismos las v\u00edas de mejorar la cooperaci\u00f3n binacional en materia agr\u00edcola e industrial. Durante el encuentro, Khamis apreci\u00f3 la visita de los &hellip;<\/p>\n","protected":false},"author":1,"featured_media":68643,"comment_status":"closed","ping_status":"closed","sticky":false,"template":"","format":"standard","meta":{"footnotes":""},"categories":[477,476,7541],"tags":[],"class_list":["post-68642","post","type-post","status-publish","format-standard","has-post-thumbnail","","category-noticias-edulcorantes","category-locales","category-ultimas-noticias"],"_links":{"self":[{"href":"https:\/\/archive.sana.sy\/es\/index.php?rest_route=\/wp\/v2\/posts\/68642"}],"collection":[{"href":"https:\/\/archive.sana.sy\/es\/index.php?rest_route=\/wp\/v2\/posts"}],"about":[{"href":"https:\/\/archive.sana.sy\/es\/index.php?rest_route=\/wp\/v2\/types\/post"}],"author":[{"embeddable":true,"href":"https:\/\/archive.sana.sy\/es\/index.php?rest_route=\/wp\/v2\/users\/1"}],"replies":[{"embeddable":true,"href":"https:\/\/archive.sana.sy\/es\/index.php?rest_route=%2Fwp%2Fv2%2Fcomments&post=68642"}],"version-history":[{"count":0,"href":"https:\/\/archive.sana.sy\/es\/index.php?rest_route=\/wp\/v2\/posts\/68642\/revisions"}],"wp:featuredmedia":[{"embeddable":true,"href":"https:\/\/archive.sana.sy\/es\/index.php?rest_route=\/wp\/v2\/media\/68643"}],"wp:attachment":[{"href":"https:\/\/archive.sana.sy\/es\/index.php?rest_route=%2Fwp%2Fv2%2Fmedia&parent=68642"}],"wp:term":[{"taxonomy":"category","embeddable":true,"href":"https:\/\/archive.sana.sy\/es\/index.php?rest_route=%2Fwp%2Fv2%2Fcategories&post=68642"},{"taxonomy":"post_tag","embeddable":true,"href":"https:\/\/archive.sana.sy\/es\/index.php?rest_route=%2Fwp%2Fv2%2Ftags&post=68642"}],"curies":[{"name":"wp","href":"https:\/\/api.w.org\/{rel}","templated":true}]}}