{"id":68649,"date":"2017-08-17T21:16:43","date_gmt":"2017-08-17T18:16:43","guid":{"rendered":"http:\/\/www.sana.sy\/es\/?p=68649"},"modified":"2017-08-17T21:16:43","modified_gmt":"2017-08-17T18:16:43","slug":"rusia-reitera-apoyo-a-siria-contra-el-terrorismo-2","status":"publish","type":"post","link":"https:\/\/archive.sana.sy\/es\/?p=68649","title":{"rendered":"Rusia reitera apoyo a Siria contra el terrorismo"},"content":{"rendered":"<p>Mosc\u00fa-SANA<\/p>\n<p>El representante del Comando de las fuerzas rusas en Siria, el teniente general Sergei Kuralenko ha reiterado el apoyo de su pa\u00eds a Siria en su lucha contra el terrorismo, agregando que Rusia continuar\u00e1 apoyando e proceso de reconciliaci\u00f3n en Siria.<\/p>\n<p>Kuralenko dijo en un comunicado que los terroristas provocaron grandes da\u00f1os a los establecimientos industrial y social as\u00ed como a los sitios del patrimonio cultural, mientras que obligaron a millones de sirios a abandonar sus hogares.<\/p>\n<p>&#8220;Rusia siempre ha apoyado a Siria, esta es la raz\u00f3n por la que Mosc\u00fa acept\u00f3 la solicitud de Damasco de ayudar a la eliminaci\u00f3n de los terroristas &#8220;, a\u00f1adi\u00f3 el general ruso.<\/p>\n<p>Asimismo se\u00f1al\u00f3 que un n\u00famero de opositores pol\u00edticos se dieron cuenta que existe la necesidad de poner fin a las acciones militares y adoptar la pol\u00edtica para encontrar una soluci\u00f3n a la crisis.<\/p>\n<p>&#8220;Para prevenir las provocaciones de los terroristas y controlar la cesaci\u00f3n del fuego, la polic\u00eda militar de Rusia ha establecido puntos de observaci\u00f3n alrededor de las zonas de desescalada, junto con nuestros socios turcos e iran\u00edes, nos hemos esforzado por establecer otra zona en la de Gobernaci\u00f3n de Idlib &#8220;, agreg\u00f3.<\/p>\n<p>&#8220;Hago un llamamiento a todos los sirios, que quieren liberar a su pa\u00eds de los terroristas y restaurar la paz, s\u00f3lo sus esfuerzos conjuntos detendr\u00e1n la guerra y devolver\u00e1n la paz a Siria&#8221;, puntualiz\u00f3 el general.<\/p>\n<p>Y.K.<\/p>\n<p>&nbsp;<\/p>\n","protected":false},"excerpt":{"rendered":"<p>Mosc\u00fa-SANA El representante del Comando de las fuerzas rusas en Siria, el teniente general Sergei Kuralenko ha reiterado el apoyo de su pa\u00eds a Siria en su lucha contra el terrorismo, agregando que Rusia continuar\u00e1 apoyando e proceso de reconciliaci\u00f3n en Siria. Kuralenko dijo en un comunicado que los terroristas provocaron grandes da\u00f1os a los &hellip;<\/p>\n","protected":false},"author":1,"featured_media":68650,"comment_status":"closed","ping_status":"closed","sticky":false,"template":"","format":"standard","meta":{"footnotes":""},"categories":[467,7541],"tags":[],"class_list":["post-68649","post","type-post","status-publish","format-standard","has-post-thumbnail","","category-siria-y-el-mundo","category-ultimas-noticias"],"_links":{"self":[{"href":"https:\/\/archive.sana.sy\/es\/index.php?rest_route=\/wp\/v2\/posts\/68649"}],"collection":[{"href":"https:\/\/archive.sana.sy\/es\/index.php?rest_route=\/wp\/v2\/posts"}],"about":[{"href":"https:\/\/archive.sana.sy\/es\/index.php?rest_route=\/wp\/v2\/types\/post"}],"author":[{"embeddable":true,"href":"https:\/\/archive.sana.sy\/es\/index.php?rest_route=\/wp\/v2\/users\/1"}],"replies":[{"embeddable":true,"href":"https:\/\/archive.sana.sy\/es\/index.php?rest_route=%2Fwp%2Fv2%2Fcomments&post=68649"}],"version-history":[{"count":0,"href":"https:\/\/archive.sana.sy\/es\/index.php?rest_route=\/wp\/v2\/posts\/68649\/revisions"}],"wp:featuredmedia":[{"embeddable":true,"href":"https:\/\/archive.sana.sy\/es\/index.php?rest_route=\/wp\/v2\/media\/68650"}],"wp:attachment":[{"href":"https:\/\/archive.sana.sy\/es\/index.php?rest_route=%2Fwp%2Fv2%2Fmedia&parent=68649"}],"wp:term":[{"taxonomy":"category","embeddable":true,"href":"https:\/\/archive.sana.sy\/es\/index.php?rest_route=%2Fwp%2Fv2%2Fcategories&post=68649"},{"taxonomy":"post_tag","embeddable":true,"href":"https:\/\/archive.sana.sy\/es\/index.php?rest_route=%2Fwp%2Fv2%2Ftags&post=68649"}],"curies":[{"name":"wp","href":"https:\/\/api.w.org\/{rel}","templated":true}]}}