{"id":68652,"date":"2017-08-17T22:51:17","date_gmt":"2017-08-17T19:51:17","guid":{"rendered":"http:\/\/www.sana.sy\/es\/?p=68652"},"modified":"2017-08-17T23:03:05","modified_gmt":"2017-08-17T20:03:05","slug":"siria-anuncia-el-lanzamiento-de-la-feria-internacional-de-damasco","status":"publish","type":"post","link":"https:\/\/archive.sana.sy\/es\/?p=68652","title":{"rendered":"Siria anuncia el lanzamiento de la Feria Internacional de Damasco"},"content":{"rendered":"<p>Damasco-SANA<\/p>\n<p>En representaci\u00f3n del Presidente Bashar Al-Assad, el primer ministro Imad Khamis ha inaugurado la 59 edici\u00f3n de la Feria Internacional de Damasco.<\/p>\n<p>El primer ministro ha dado la bienvenida en nombre del presidente Al-Assad a todos los hu\u00e9spedes \u00e1rabes y extranjeros participantes en la Feria y les transmiti\u00f3 los cordiales saludos del presidente y su deseo de que tengan \u00e9xito.<\/p>\n<p>Khamis ha afirmado que el lanzamiento de la Feria lleva un mensaje al mundo de que \u00a8la voluntad de vida que caracteriza a los sirios es m\u00e1s fuente que el terrorismo\u00a8.<\/p>\n<p><img loading=\"lazy\" decoding=\"async\" class=\"alignnone size-medium wp-image-68657\" src=\"http:\/\/www.sana.sy\/es\/wp-content\/uploads\/2017\/08\/1-16-300x200.jpg\" alt=\"\" width=\"300\" height=\"200\" srcset=\"https:\/\/archive.sana.sy\/es\/wp-content\/uploads\/2017\/08\/1-16.jpg 300w, https:\/\/archive.sana.sy\/es\/wp-content\/uploads\/2017\/08\/1-16-150x100.jpg 150w\" sizes=\"(max-width: 300px) 100vw, 300px\" \/><\/p>\n<p>\u00a8Si no fuese por los sacrificios del ej\u00e9rcito y los aliados y amigos, no fuese posible reunirnos hoy para anunciar un nuevo cap\u00edtulo de una serie de cap\u00edtulos de la victoria\u00a8, dijo.<\/p>\n<p>Ha se\u00f1alado que la Feria Internacional de Damasco ha reabierto sus puertas este a\u00f1o despu\u00e9s de una ausencia de s\u00edes a\u00f1os, durante los cuales Siria ha ofrecido la sangre de sus hijos en defensa de la soberan\u00eda e independencia.<\/p>\n<p><img loading=\"lazy\" decoding=\"async\" class=\"alignnone size-full wp-image-68658\" src=\"http:\/\/www.sana.sy\/es\/wp-content\/uploads\/2017\/08\/4-10.jpg\" alt=\"\" width=\"150\" height=\"100\" \/><\/p>\n<p>\u00b4Hay que se\u00f1alar los esfuerzos extraordinarios desempe\u00f1ados a lo largo de los \u00faltimos meses a fin de crear las condiciones adecuadas para la celebraci\u00f3n de esta edici\u00f3n de la Feria\u00a8, recalc\u00f3 el primer ministro.<\/p>\n<p>Explic\u00f3 que durante los pasados a\u00f1os los intentos de socavar los establecimientos estatales era el objeto de las potencias y pa\u00edses conspiradores, subrayando que Siria ha perdido mucho de sus recursos durante la crisis, \u00a0y han ca\u00eddo adem\u00e1s sus \u00edndices de desarrollo.<\/p>\n<p><img loading=\"lazy\" decoding=\"async\" class=\"alignnone size-medium wp-image-68659\" src=\"http:\/\/www.sana.sy\/es\/wp-content\/uploads\/2017\/08\/3-14-300x200.jpg\" alt=\"\" width=\"300\" height=\"200\" srcset=\"https:\/\/archive.sana.sy\/es\/wp-content\/uploads\/2017\/08\/3-14.jpg 300w, https:\/\/archive.sana.sy\/es\/wp-content\/uploads\/2017\/08\/3-14-150x100.jpg 150w\" sizes=\"(max-width: 300px) 100vw, 300px\" \/><\/p>\n<p>El premier opin\u00f3 que la econom\u00eda siria que ha estado firme durante la crisis merece ser socio confiable en el presente y el futuro<\/p>\n<p>Khamis manifest\u00f3 la disposici\u00f3n del gobierno sirio a proporcionar cualquier tipo de apoyo para consolidar las relaciones econ\u00f3micas entre Siria y los diferentes pa\u00edses, y facilitar tambi\u00e9n todos los procedimientos para ejecutar transacciones y proyectos de cooperaci\u00f3n durante la Feria.<\/p>\n<p>Indic\u00f3 que el proyecto nacional de reforma administrativa puesto en marcha por el presidente Bashar al-Assad, abordar\u00e1 todas las dificultades que obstaculizan la optimizaci\u00f3n de la inversi\u00f3n, como la rutina y la burocracia.<\/p>\n<p>&#8220;El gobierno ahora se encarga de dar los toques finales a la modernizaci\u00f3n de la ley que regula la inversi\u00f3n con el fin de alentar todas formas de inversi\u00f3n&#8221;, dijo.<\/p>\n<p>Khamis finalmente llam\u00f3 a todos los empresarios y todos los sirios a volver a Siria y trabajar juntos para contribuir a la reconstrucci\u00f3n del pa\u00eds.<\/p>\n<p>Y.K.<\/p>\n","protected":false},"excerpt":{"rendered":"<p>Damasco-SANA En representaci\u00f3n del Presidente Bashar Al-Assad, el primer ministro Imad Khamis ha inaugurado la 59 edici\u00f3n de la Feria Internacional de Damasco. El primer ministro ha dado la bienvenida en nombre del presidente Al-Assad a todos los hu\u00e9spedes \u00e1rabes y extranjeros participantes en la Feria y les transmiti\u00f3 los cordiales saludos del presidente y &hellip;<\/p>\n","protected":false},"author":1,"featured_media":68654,"comment_status":"closed","ping_status":"closed","sticky":false,"template":"","format":"standard","meta":{"footnotes":""},"categories":[477,476,583],"tags":[],"class_list":["post-68652","post","type-post","status-publish","format-standard","has-post-thumbnail","","category-noticias-edulcorantes","category-locales","category-slide"],"_links":{"self":[{"href":"https:\/\/archive.sana.sy\/es\/index.php?rest_route=\/wp\/v2\/posts\/68652"}],"collection":[{"href":"https:\/\/archive.sana.sy\/es\/index.php?rest_route=\/wp\/v2\/posts"}],"about":[{"href":"https:\/\/archive.sana.sy\/es\/index.php?rest_route=\/wp\/v2\/types\/post"}],"author":[{"embeddable":true,"href":"https:\/\/archive.sana.sy\/es\/index.php?rest_route=\/wp\/v2\/users\/1"}],"replies":[{"embeddable":true,"href":"https:\/\/archive.sana.sy\/es\/index.php?rest_route=%2Fwp%2Fv2%2Fcomments&post=68652"}],"version-history":[{"count":0,"href":"https:\/\/archive.sana.sy\/es\/index.php?rest_route=\/wp\/v2\/posts\/68652\/revisions"}],"wp:featuredmedia":[{"embeddable":true,"href":"https:\/\/archive.sana.sy\/es\/index.php?rest_route=\/wp\/v2\/media\/68654"}],"wp:attachment":[{"href":"https:\/\/archive.sana.sy\/es\/index.php?rest_route=%2Fwp%2Fv2%2Fmedia&parent=68652"}],"wp:term":[{"taxonomy":"category","embeddable":true,"href":"https:\/\/archive.sana.sy\/es\/index.php?rest_route=%2Fwp%2Fv2%2Fcategories&post=68652"},{"taxonomy":"post_tag","embeddable":true,"href":"https:\/\/archive.sana.sy\/es\/index.php?rest_route=%2Fwp%2Fv2%2Ftags&post=68652"}],"curies":[{"name":"wp","href":"https:\/\/api.w.org\/{rel}","templated":true}]}}