{"id":68662,"date":"2017-08-18T14:21:51","date_gmt":"2017-08-18T11:21:51","guid":{"rendered":"http:\/\/www.sana.sy\/es\/?p=68662"},"modified":"2017-08-18T14:21:51","modified_gmt":"2017-08-18T11:21:51","slug":"fuerzas-sirias-imponen-un-cerco-a-un-grupo-de-efectivos-del-ei-en-la-localidad-de-uqayribat","status":"publish","type":"post","link":"https:\/\/archive.sana.sy\/es\/?p=68662","title":{"rendered":"Fuerzas sirias imponen un cerco a un grupo de efectivos del (EI) en la localidad de Uqayribat"},"content":{"rendered":"<p><span style=\"color: #800000\">Provincias, SANA<\/span>&#8211; Unidades del Ej\u00e9rcito sirio que operan en las zonas rurales de Homs y Hama ha logrado avances significativos en sus operaciones contra la organizaci\u00f3n terrorista &#8220;Daesh&#8221; y han impuesto un a un gran n\u00famero de terroristas en la localidad de Uqayribat, en el campo este de la ciudad de Salamiyah, seg\u00fan informa el reportero de SANA.<\/p>\n<p>&#8220;Escuadras del ej\u00e9rcito y en cooperaci\u00f3n con grupos de fuerzas aliadas llevaron a cabo duros enfrentamientos con efectivos del EI en el eje de la colina al-Sawana, ubicada en el campo oriental de Homs, y en el eje de la aldea de al-Fasda, en el campo este de la ciudad de Salamiyah,&#8221; dice la fuente.<\/p>\n<p>El reportero se\u00f1al\u00f3 que los enfrentamientos terminaron por imponer un cerco a grupo de terroristas de organizaci\u00f3n takfiri en la localidad de Uqayribat, despu\u00e9s de causar grandes p\u00e9rdidas, tanto personales como materiales en las filas de sus miembros.<\/p>\n<p>&nbsp;<\/p>\n<p>&nbsp;<\/p>\n<p>M\/Miri<\/p>\n","protected":false},"excerpt":{"rendered":"<p>Provincias, SANA&#8211; Unidades del Ej\u00e9rcito sirio que operan en las zonas rurales de Homs y Hama ha logrado avances significativos en sus operaciones contra la organizaci\u00f3n terrorista &#8220;Daesh&#8221; y han impuesto un a un gran n\u00famero de terroristas en la localidad de Uqayribat, en el campo este de la ciudad de Salamiyah, seg\u00fan informa el &hellip;<\/p>\n","protected":false},"author":1,"featured_media":68663,"comment_status":"closed","ping_status":"closed","sticky":false,"template":"","format":"standard","meta":{"footnotes":""},"categories":[597,573,583,7541],"tags":[10649],"class_list":["post-68662","post","type-post","status-publish","format-standard","has-post-thumbnail","","category-cinta-de-noticias","category-la-realidad-de-los-acontecimientos-en-siria","category-slide","category-ultimas-noticias","tag-unidades-del-ejercito-sirio"],"_links":{"self":[{"href":"https:\/\/archive.sana.sy\/es\/index.php?rest_route=\/wp\/v2\/posts\/68662"}],"collection":[{"href":"https:\/\/archive.sana.sy\/es\/index.php?rest_route=\/wp\/v2\/posts"}],"about":[{"href":"https:\/\/archive.sana.sy\/es\/index.php?rest_route=\/wp\/v2\/types\/post"}],"author":[{"embeddable":true,"href":"https:\/\/archive.sana.sy\/es\/index.php?rest_route=\/wp\/v2\/users\/1"}],"replies":[{"embeddable":true,"href":"https:\/\/archive.sana.sy\/es\/index.php?rest_route=%2Fwp%2Fv2%2Fcomments&post=68662"}],"version-history":[{"count":0,"href":"https:\/\/archive.sana.sy\/es\/index.php?rest_route=\/wp\/v2\/posts\/68662\/revisions"}],"wp:featuredmedia":[{"embeddable":true,"href":"https:\/\/archive.sana.sy\/es\/index.php?rest_route=\/wp\/v2\/media\/68663"}],"wp:attachment":[{"href":"https:\/\/archive.sana.sy\/es\/index.php?rest_route=%2Fwp%2Fv2%2Fmedia&parent=68662"}],"wp:term":[{"taxonomy":"category","embeddable":true,"href":"https:\/\/archive.sana.sy\/es\/index.php?rest_route=%2Fwp%2Fv2%2Fcategories&post=68662"},{"taxonomy":"post_tag","embeddable":true,"href":"https:\/\/archive.sana.sy\/es\/index.php?rest_route=%2Fwp%2Fv2%2Ftags&post=68662"}],"curies":[{"name":"wp","href":"https:\/\/api.w.org\/{rel}","templated":true}]}}