{"id":68712,"date":"2017-08-19T14:48:04","date_gmt":"2017-08-19T11:48:04","guid":{"rendered":"http:\/\/www.sana.sy\/es\/?p=68712"},"modified":"2017-08-19T14:48:04","modified_gmt":"2017-08-19T11:48:04","slug":"actuaciones-artisticas-en-las-plazas-de-la-feria-internacional-de-damasco","status":"publish","type":"post","link":"https:\/\/archive.sana.sy\/es\/?p=68712","title":{"rendered":"Actuaciones art\u00edsticas en las plazas de la Feria Internacional de Damasco"},"content":{"rendered":"<p><span style=\"color: #800000\">Damasco, SANA-<\/span>\u00a0La Feria Internacional de Damasco, acoger\u00e1 alrededor de un centenar de actuaciones art\u00edsticas , Las actuaciones tendr\u00e1n lugar en diferentes \u00e1reas de la Feria.<\/p>\n<p>https:\/\/www.youtube.com\/watch?v=FTsBYMJSXN8<\/p>\n<p>https:\/\/www.youtube.com\/watch?v=nsY9SRNkbCU<\/p>\n<p>&nbsp;<\/p>\n<p><a href=\"http:\/\/www.sana.sy\/es\/?attachment_id=68713\" rel=\"attachment wp-att-68713\"><img loading=\"lazy\" decoding=\"async\" class=\"alignnone size-medium wp-image-68713\" src=\"http:\/\/www.sana.sy\/es\/wp-content\/uploads\/2017\/08\/4-13-300x200.jpg\" alt=\"\" width=\"300\" height=\"200\" srcset=\"https:\/\/archive.sana.sy\/es\/wp-content\/uploads\/2017\/08\/4-13-300x200.jpg 300w, https:\/\/archive.sana.sy\/es\/wp-content\/uploads\/2017\/08\/4-13-150x100.jpg 150w, https:\/\/archive.sana.sy\/es\/wp-content\/uploads\/2017\/08\/4-13.jpg 660w\" sizes=\"(max-width: 300px) 100vw, 300px\" \/><\/a>\u00a0\u00a0<a href=\"http:\/\/www.sana.sy\/es\/?attachment_id=68715\" rel=\"attachment wp-att-68715\"><img loading=\"lazy\" decoding=\"async\" class=\"alignnone size-medium wp-image-68715\" src=\"http:\/\/www.sana.sy\/es\/wp-content\/uploads\/2017\/08\/5-11-300x193.jpg\" alt=\"\" width=\"300\" height=\"193\" srcset=\"https:\/\/archive.sana.sy\/es\/wp-content\/uploads\/2017\/08\/5-11-300x193.jpg 300w, https:\/\/archive.sana.sy\/es\/wp-content\/uploads\/2017\/08\/5-11-150x96.jpg 150w, https:\/\/archive.sana.sy\/es\/wp-content\/uploads\/2017\/08\/5-11.jpg 660w\" sizes=\"(max-width: 300px) 100vw, 300px\" \/><\/a>\u00a0<a href=\"http:\/\/www.sana.sy\/es\/?attachment_id=68716\" rel=\"attachment wp-att-68716\"><img loading=\"lazy\" decoding=\"async\" class=\"alignnone size-medium wp-image-68716\" src=\"http:\/\/www.sana.sy\/es\/wp-content\/uploads\/2017\/08\/6-6-300x200.jpg\" alt=\"\" width=\"300\" height=\"200\" srcset=\"https:\/\/archive.sana.sy\/es\/wp-content\/uploads\/2017\/08\/6-6-300x200.jpg 300w, https:\/\/archive.sana.sy\/es\/wp-content\/uploads\/2017\/08\/6-6-150x100.jpg 150w, https:\/\/archive.sana.sy\/es\/wp-content\/uploads\/2017\/08\/6-6.jpg 660w\" sizes=\"(max-width: 300px) 100vw, 300px\" \/><\/a><\/p>\n<p><a href=\"http:\/\/www.sana.sy\/es\/?attachment_id=68717\" rel=\"attachment wp-att-68717\"><img loading=\"lazy\" decoding=\"async\" class=\"alignnone size-medium wp-image-68717\" src=\"http:\/\/www.sana.sy\/es\/wp-content\/uploads\/2017\/08\/7-7-300x200.jpg\" alt=\"\" width=\"300\" height=\"200\" srcset=\"https:\/\/archive.sana.sy\/es\/wp-content\/uploads\/2017\/08\/7-7-300x200.jpg 300w, https:\/\/archive.sana.sy\/es\/wp-content\/uploads\/2017\/08\/7-7-150x100.jpg 150w, https:\/\/archive.sana.sy\/es\/wp-content\/uploads\/2017\/08\/7-7.jpg 660w\" sizes=\"(max-width: 300px) 100vw, 300px\" \/><\/a>\u00a0<a href=\"http:\/\/www.sana.sy\/es\/?attachment_id=68718\" rel=\"attachment wp-att-68718\"><img loading=\"lazy\" decoding=\"async\" class=\"alignnone size-medium wp-image-68718\" src=\"http:\/\/www.sana.sy\/es\/wp-content\/uploads\/2017\/08\/8-6-300x200.jpg\" alt=\"\" width=\"300\" height=\"200\" srcset=\"https:\/\/archive.sana.sy\/es\/wp-content\/uploads\/2017\/08\/8-6-300x200.jpg 300w, https:\/\/archive.sana.sy\/es\/wp-content\/uploads\/2017\/08\/8-6-150x100.jpg 150w, https:\/\/archive.sana.sy\/es\/wp-content\/uploads\/2017\/08\/8-6.jpg 660w\" sizes=\"(max-width: 300px) 100vw, 300px\" \/><\/a><\/p>\n<p><a href=\"http:\/\/www.sana.sy\/es\/?attachment_id=68719\" rel=\"attachment wp-att-68719\"><img loading=\"lazy\" decoding=\"async\" class=\"alignnone size-medium wp-image-68719\" src=\"http:\/\/www.sana.sy\/es\/wp-content\/uploads\/2017\/08\/9-5-300x192.jpg\" alt=\"\" width=\"300\" height=\"192\" srcset=\"https:\/\/archive.sana.sy\/es\/wp-content\/uploads\/2017\/08\/9-5-300x192.jpg 300w, https:\/\/archive.sana.sy\/es\/wp-content\/uploads\/2017\/08\/9-5-150x96.jpg 150w, https:\/\/archive.sana.sy\/es\/wp-content\/uploads\/2017\/08\/9-5.jpg 660w\" sizes=\"(max-width: 300px) 100vw, 300px\" \/><\/a>\u00a0<a href=\"http:\/\/www.sana.sy\/es\/?attachment_id=68720\" rel=\"attachment wp-att-68720\"><img loading=\"lazy\" decoding=\"async\" class=\"alignnone size-medium wp-image-68720\" src=\"http:\/\/www.sana.sy\/es\/wp-content\/uploads\/2017\/08\/11-2-300x200.jpg\" alt=\"\" width=\"300\" height=\"200\" srcset=\"https:\/\/archive.sana.sy\/es\/wp-content\/uploads\/2017\/08\/11-2-300x200.jpg 300w, https:\/\/archive.sana.sy\/es\/wp-content\/uploads\/2017\/08\/11-2-150x100.jpg 150w, https:\/\/archive.sana.sy\/es\/wp-content\/uploads\/2017\/08\/11-2.jpg 660w\" sizes=\"(max-width: 300px) 100vw, 300px\" \/><\/a><\/p>\n","protected":false},"excerpt":{"rendered":"<p>Damasco, SANA-\u00a0La Feria Internacional de Damasco, acoger\u00e1 alrededor de un centenar de actuaciones art\u00edsticas , Las actuaciones tendr\u00e1n lugar en diferentes \u00e1reas de la Feria. https:\/\/www.youtube.com\/watch?v=FTsBYMJSXN8 https:\/\/www.youtube.com\/watch?v=nsY9SRNkbCU &nbsp; \u00a0\u00a0\u00a0 \u00a0 \u00a0<\/p>\n","protected":false},"author":1,"featured_media":68722,"comment_status":"closed","ping_status":"closed","sticky":false,"template":"","format":"standard","meta":{"footnotes":""},"categories":[477,597,476,7541],"tags":[10637],"class_list":["post-68712","post","type-post","status-publish","format-standard","has-post-thumbnail","","category-noticias-edulcorantes","category-cinta-de-noticias","category-locales","category-ultimas-noticias","tag-la-feria-internacional-de-damasco"],"_links":{"self":[{"href":"https:\/\/archive.sana.sy\/es\/index.php?rest_route=\/wp\/v2\/posts\/68712"}],"collection":[{"href":"https:\/\/archive.sana.sy\/es\/index.php?rest_route=\/wp\/v2\/posts"}],"about":[{"href":"https:\/\/archive.sana.sy\/es\/index.php?rest_route=\/wp\/v2\/types\/post"}],"author":[{"embeddable":true,"href":"https:\/\/archive.sana.sy\/es\/index.php?rest_route=\/wp\/v2\/users\/1"}],"replies":[{"embeddable":true,"href":"https:\/\/archive.sana.sy\/es\/index.php?rest_route=%2Fwp%2Fv2%2Fcomments&post=68712"}],"version-history":[{"count":0,"href":"https:\/\/archive.sana.sy\/es\/index.php?rest_route=\/wp\/v2\/posts\/68712\/revisions"}],"wp:featuredmedia":[{"embeddable":true,"href":"https:\/\/archive.sana.sy\/es\/index.php?rest_route=\/wp\/v2\/media\/68722"}],"wp:attachment":[{"href":"https:\/\/archive.sana.sy\/es\/index.php?rest_route=%2Fwp%2Fv2%2Fmedia&parent=68712"}],"wp:term":[{"taxonomy":"category","embeddable":true,"href":"https:\/\/archive.sana.sy\/es\/index.php?rest_route=%2Fwp%2Fv2%2Fcategories&post=68712"},{"taxonomy":"post_tag","embeddable":true,"href":"https:\/\/archive.sana.sy\/es\/index.php?rest_route=%2Fwp%2Fv2%2Ftags&post=68712"}],"curies":[{"name":"wp","href":"https:\/\/api.w.org\/{rel}","templated":true}]}}