{"id":68857,"date":"2017-08-22T18:03:58","date_gmt":"2017-08-22T15:03:58","guid":{"rendered":"http:\/\/www.sana.sy\/es\/?p=68857"},"modified":"2017-08-22T18:04:13","modified_gmt":"2017-08-22T15:04:13","slug":"moallem-preside-una-conferencia-del-ministerio-de-asuntos-exteriores-y-expatriados","status":"publish","type":"post","link":"https:\/\/archive.sana.sy\/es\/?p=68857","title":{"rendered":"Moallem preside una conferencia del Ministerio de Asuntos Exteriores y Expatriados"},"content":{"rendered":"<p><span style=\"color: #800000\">Damasco, SANA<\/span>&#8211; Ministerio de Asuntos Exteriores y Expatriados llev\u00f3 a ha celebrado este martes una reuni\u00f3n p\u00fablica, encabezado por Walid al-Moallem, el Vicepresidente del Consejo de Ministros, ministro de Exteriores y de los Expatriados.<\/p>\n<p>Durante la reuni\u00f3n, los asistentes a la conferencia han sido informado por los directores de los talleres de trabajo sobre la marcha de las discusiones y las propuestas y recomendaciones que han sido acordadas, que se refiri\u00f3 a la manera de promover el desarrollo de la actuaci\u00f3n de la administraci\u00f3n central y las misiones que les permita seguir enfrentando a la conspiraci\u00f3n que afronta Siria y crear todas las condiciones y recursos que contribuyan activamente a la fase de reconstrucci\u00f3n .<\/p>\n<p>Ministro al-Moallem destac\u00f3 el inter\u00e9s del ministerio en asegurar todas las necesidades y requisitos para que las misiones diplom\u00e1ticas siria cumplan su papel de forma natural, haciendo hincapi\u00e9 en la necesidad de tener en cuenta las circunstancias de la guerra injusta que sufre Siria y las medidas restrictivas aplicadas sobre el pa\u00eds, lo que requiere la racionalizaci\u00f3n y el buen control de los gastos administrativos, llamando a todos los diplom\u00e1ticos de intensificar los esfuerzos en esta delicada fase de la historia de Siria.<\/p>\n<p>El ministro de Asuntos Exteriores y Expatriados, agreg\u00f3 que todas las opiniones, ideas, sugerencias y recomendaciones de la conferencia ser\u00e1n examinadas, expresando la esperanza de que podemos lograr todo lo que aspiramos.<\/p>\n<p>&nbsp;<\/p>\n<p>&nbsp;<\/p>\n<p>M\/Miri<\/p>\n","protected":false},"excerpt":{"rendered":"<p>Damasco, SANA&#8211; Ministerio de Asuntos Exteriores y Expatriados llev\u00f3 a ha celebrado este martes una reuni\u00f3n p\u00fablica, encabezado por Walid al-Moallem, el Vicepresidente del Consejo de Ministros, ministro de Exteriores y de los Expatriados. Durante la reuni\u00f3n, los asistentes a la conferencia han sido informado por los directores de los talleres de trabajo sobre la &hellip;<\/p>\n","protected":false},"author":1,"featured_media":68858,"comment_status":"closed","ping_status":"closed","sticky":false,"template":"","format":"standard","meta":{"footnotes":""},"categories":[477,597,476,7541],"tags":[10671],"class_list":["post-68857","post","type-post","status-publish","format-standard","has-post-thumbnail","","category-noticias-edulcorantes","category-cinta-de-noticias","category-locales","category-ultimas-noticias","tag-walid-al-moallem"],"_links":{"self":[{"href":"https:\/\/archive.sana.sy\/es\/index.php?rest_route=\/wp\/v2\/posts\/68857"}],"collection":[{"href":"https:\/\/archive.sana.sy\/es\/index.php?rest_route=\/wp\/v2\/posts"}],"about":[{"href":"https:\/\/archive.sana.sy\/es\/index.php?rest_route=\/wp\/v2\/types\/post"}],"author":[{"embeddable":true,"href":"https:\/\/archive.sana.sy\/es\/index.php?rest_route=\/wp\/v2\/users\/1"}],"replies":[{"embeddable":true,"href":"https:\/\/archive.sana.sy\/es\/index.php?rest_route=%2Fwp%2Fv2%2Fcomments&post=68857"}],"version-history":[{"count":0,"href":"https:\/\/archive.sana.sy\/es\/index.php?rest_route=\/wp\/v2\/posts\/68857\/revisions"}],"wp:featuredmedia":[{"embeddable":true,"href":"https:\/\/archive.sana.sy\/es\/index.php?rest_route=\/wp\/v2\/media\/68858"}],"wp:attachment":[{"href":"https:\/\/archive.sana.sy\/es\/index.php?rest_route=%2Fwp%2Fv2%2Fmedia&parent=68857"}],"wp:term":[{"taxonomy":"category","embeddable":true,"href":"https:\/\/archive.sana.sy\/es\/index.php?rest_route=%2Fwp%2Fv2%2Fcategories&post=68857"},{"taxonomy":"post_tag","embeddable":true,"href":"https:\/\/archive.sana.sy\/es\/index.php?rest_route=%2Fwp%2Fv2%2Ftags&post=68857"}],"curies":[{"name":"wp","href":"https:\/\/api.w.org\/{rel}","templated":true}]}}