{"id":68860,"date":"2017-08-22T18:06:06","date_gmt":"2017-08-22T15:06:06","guid":{"rendered":"http:\/\/www.sana.sy\/es\/?p=68860"},"modified":"2017-08-22T19:08:32","modified_gmt":"2017-08-22T16:08:32","slug":"primer-ministro-se-reuni-con-una-delegacion-economica-irani-2","status":"publish","type":"post","link":"https:\/\/archive.sana.sy\/es\/?p=68860","title":{"rendered":"Primer ministro se reun\u00ed con una delegaci\u00f3n econ\u00f3mica iran\u00ed"},"content":{"rendered":"<p><span style=\"color: #800000\">Damasco, SANA<\/span>\u2013 Ing. Imad Khamis, jefe del gabinete, recibi\u00f3 en Damasco a una delegaci\u00f3n econ\u00f3mica de la Rep\u00fablica Isl\u00e1mica de Ir\u00e1n, encabezad por Said Ouhadi.<\/p>\n<p><a href=\"http:\/\/www.sana.sy\/es\/?attachment_id=68861\" rel=\"attachment wp-att-68861\"><img loading=\"lazy\" decoding=\"async\" class=\"alignnone size-medium wp-image-68861\" src=\"http:\/\/www.sana.sy\/es\/wp-content\/uploads\/2017\/08\/6-9-300x179.jpg\" alt=\"\" width=\"300\" height=\"179\" srcset=\"https:\/\/archive.sana.sy\/es\/wp-content\/uploads\/2017\/08\/6-9.jpg 300w, https:\/\/archive.sana.sy\/es\/wp-content\/uploads\/2017\/08\/6-9-150x90.jpg 150w\" sizes=\"(max-width: 300px) 100vw, 300px\" \/><\/a><\/p>\n<p>El primer ministro Imad Khamis, examin\u00f3 con el Asesor del primer vicepresidente de la Rep\u00fablica Isl\u00e1mica de Ir\u00e1n, Asesor del Presidente del Comit\u00e9 para el desarrollo de las relaciones econ\u00f3micas entre Siria e Ir\u00e1n Said Ouhadi, las relaciones econ\u00f3micas entre los dos pa\u00edses y los medios de mejorarlas en diversos campos.<\/p>\n<p>Durante el encuentro, Khamis expres\u00f3 la apreciaci\u00f3n de Siria y su pueblo por las posiciones de la Rep\u00fablica Isl\u00e1mica Ir\u00e1n y su apoyo a Siria a la luz de la guerra terrorista liberada contra ella y de sanciones econ\u00f3micas coercitivas y unilaterales impuestas a Siria que afectan en primer lugar en las condiciones de vida de los ciudadanos sirios.<\/p>\n<p>En el mismo contexto, el jefe del Gabinete transmiti\u00f3 del deseo del gobierno sirio de que las relaciones econ\u00f3micas con Ir\u00e1n est\u00e1n muy bien desarrolladas a trav\u00e9s de la fundaci\u00f3n de empresas y f\u00e1bricas y elevar el nivel de comercio a altos niveles y crear una nueva visi\u00f3n econ\u00f3mica para las relaciones sirio-iran\u00edes.<\/p>\n<p>El titular iran\u00ed, aclar\u00f3 que el objetivo de la visita es promover y desarrollar las relaciones econ\u00f3micas entre ambos Estados y superar los obst\u00e1culos de la aplicaci\u00f3n de los acuerdos firmados en diferentes \u00e1reas de servicio y econ\u00f3micos.<\/p>\n<p>La reuni\u00f3n cont\u00f3 con la presencia del embajador de Siria en Teher\u00e1n, Adnan Mahmoud, y el secretario general de la Presidencia del Consejo de Ministros Dr. Qais Khader, y el embajador iran\u00ed en Damasco Jawad Trkabada.<\/p>\n<p>&nbsp;<\/p>\n<p>&nbsp;<\/p>\n<p>M\/Miri<\/p>\n","protected":false},"excerpt":{"rendered":"<p>Damasco, SANA\u2013 Ing. Imad Khamis, jefe del gabinete, recibi\u00f3 en Damasco a una delegaci\u00f3n econ\u00f3mica de la Rep\u00fablica Isl\u00e1mica de Ir\u00e1n, encabezad por Said Ouhadi. El primer ministro Imad Khamis, examin\u00f3 con el Asesor del primer vicepresidente de la Rep\u00fablica Isl\u00e1mica de Ir\u00e1n, Asesor del Presidente del Comit\u00e9 para el desarrollo de las relaciones econ\u00f3micas &hellip;<\/p>\n","protected":false},"author":1,"featured_media":68864,"comment_status":"closed","ping_status":"closed","sticky":false,"template":"","format":"standard","meta":{"footnotes":""},"categories":[477,597,476,583,7541],"tags":[10672],"class_list":["post-68860","post","type-post","status-publish","format-standard","has-post-thumbnail","","category-noticias-edulcorantes","category-cinta-de-noticias","category-locales","category-slide","category-ultimas-noticias","tag-said-ouhadi"],"_links":{"self":[{"href":"https:\/\/archive.sana.sy\/es\/index.php?rest_route=\/wp\/v2\/posts\/68860"}],"collection":[{"href":"https:\/\/archive.sana.sy\/es\/index.php?rest_route=\/wp\/v2\/posts"}],"about":[{"href":"https:\/\/archive.sana.sy\/es\/index.php?rest_route=\/wp\/v2\/types\/post"}],"author":[{"embeddable":true,"href":"https:\/\/archive.sana.sy\/es\/index.php?rest_route=\/wp\/v2\/users\/1"}],"replies":[{"embeddable":true,"href":"https:\/\/archive.sana.sy\/es\/index.php?rest_route=%2Fwp%2Fv2%2Fcomments&post=68860"}],"version-history":[{"count":0,"href":"https:\/\/archive.sana.sy\/es\/index.php?rest_route=\/wp\/v2\/posts\/68860\/revisions"}],"wp:featuredmedia":[{"embeddable":true,"href":"https:\/\/archive.sana.sy\/es\/index.php?rest_route=\/wp\/v2\/media\/68864"}],"wp:attachment":[{"href":"https:\/\/archive.sana.sy\/es\/index.php?rest_route=%2Fwp%2Fv2%2Fmedia&parent=68860"}],"wp:term":[{"taxonomy":"category","embeddable":true,"href":"https:\/\/archive.sana.sy\/es\/index.php?rest_route=%2Fwp%2Fv2%2Fcategories&post=68860"},{"taxonomy":"post_tag","embeddable":true,"href":"https:\/\/archive.sana.sy\/es\/index.php?rest_route=%2Fwp%2Fv2%2Ftags&post=68860"}],"curies":[{"name":"wp","href":"https:\/\/api.w.org\/{rel}","templated":true}]}}