{"id":68903,"date":"2017-08-23T18:44:19","date_gmt":"2017-08-23T15:44:19","guid":{"rendered":"http:\/\/www.sana.sy\/es\/?p=68903"},"modified":"2017-08-23T18:44:44","modified_gmt":"2017-08-23T15:44:44","slug":"concluye-la-conferencia-del-ministerio-de-exteriores-y-emigrantes","status":"publish","type":"post","link":"https:\/\/archive.sana.sy\/es\/?p=68903","title":{"rendered":"Concluye la Conferencia del Ministerio de Exteriores y Emigrantes"},"content":{"rendered":"<p><span style=\"color: #800000\">Damasco, SANA<\/span>&#8211; La Conferencia del Ministerio de Exteriores y Expatriados celebr\u00f3 su \u00faltima sesi\u00f3n que fue encabezada por el canciller, Walid Moallem.<\/p>\n<p>La sesi\u00f3n empez\u00f3 con guardar un minuto de silencio en homenaje a las almas de los m\u00e1rtires.<br \/>\nMoallem dirigi\u00f3 un saludo de homenaje a los hombres de las fuerzas armadas que enfrentan con valent\u00eda y hero\u00edsmo al terrorismo.<\/p>\n<p>A continuaci\u00f3n, revisado el ministro de Asuntos Exteriores y Expatriados, las DE igual manera, llam\u00f3 a los jefes de las misiones diplom\u00e1ticas a trabajar en el campo diplom\u00e1tico para enfrentar el co0mplor contra Siria y para aclarar la verdad de lo que est\u00e1 sucediendo.<\/p>\n<p>Hizo hincapi\u00e9 en la importancia de la interacci\u00f3n con los emigrantes e instarlos a contribuir eficazmente al proceso de reconstrucci\u00f3n.<\/p>\n<p>&nbsp;<\/p>\n<p>&nbsp;<\/p>\n<p>Fady M\/M Miri<\/p>\n","protected":false},"excerpt":{"rendered":"<p>Damasco, SANA&#8211; La Conferencia del Ministerio de Exteriores y Expatriados celebr\u00f3 su \u00faltima sesi\u00f3n que fue encabezada por el canciller, Walid Moallem. La sesi\u00f3n empez\u00f3 con guardar un minuto de silencio en homenaje a las almas de los m\u00e1rtires. Moallem dirigi\u00f3 un saludo de homenaje a los hombres de las fuerzas armadas que enfrentan con &hellip;<\/p>\n","protected":false},"author":1,"featured_media":68904,"comment_status":"closed","ping_status":"closed","sticky":false,"template":"","format":"standard","meta":{"footnotes":""},"categories":[477,597,476,583,7541],"tags":[10677],"class_list":["post-68903","post","type-post","status-publish","format-standard","has-post-thumbnail","","category-noticias-edulcorantes","category-cinta-de-noticias","category-locales","category-slide","category-ultimas-noticias","tag-walid-moallem"],"_links":{"self":[{"href":"https:\/\/archive.sana.sy\/es\/index.php?rest_route=\/wp\/v2\/posts\/68903"}],"collection":[{"href":"https:\/\/archive.sana.sy\/es\/index.php?rest_route=\/wp\/v2\/posts"}],"about":[{"href":"https:\/\/archive.sana.sy\/es\/index.php?rest_route=\/wp\/v2\/types\/post"}],"author":[{"embeddable":true,"href":"https:\/\/archive.sana.sy\/es\/index.php?rest_route=\/wp\/v2\/users\/1"}],"replies":[{"embeddable":true,"href":"https:\/\/archive.sana.sy\/es\/index.php?rest_route=%2Fwp%2Fv2%2Fcomments&post=68903"}],"version-history":[{"count":0,"href":"https:\/\/archive.sana.sy\/es\/index.php?rest_route=\/wp\/v2\/posts\/68903\/revisions"}],"wp:featuredmedia":[{"embeddable":true,"href":"https:\/\/archive.sana.sy\/es\/index.php?rest_route=\/wp\/v2\/media\/68904"}],"wp:attachment":[{"href":"https:\/\/archive.sana.sy\/es\/index.php?rest_route=%2Fwp%2Fv2%2Fmedia&parent=68903"}],"wp:term":[{"taxonomy":"category","embeddable":true,"href":"https:\/\/archive.sana.sy\/es\/index.php?rest_route=%2Fwp%2Fv2%2Fcategories&post=68903"},{"taxonomy":"post_tag","embeddable":true,"href":"https:\/\/archive.sana.sy\/es\/index.php?rest_route=%2Fwp%2Fv2%2Ftags&post=68903"}],"curies":[{"name":"wp","href":"https:\/\/api.w.org\/{rel}","templated":true}]}}