{"id":68939,"date":"2017-08-23T17:23:27","date_gmt":"2017-08-23T14:23:27","guid":{"rendered":"http:\/\/www.sana.sy\/es\/?p=68939"},"modified":"2017-08-23T17:23:27","modified_gmt":"2017-08-23T14:23:27","slug":"egipto-reducir-la-ayuda-de-los-ee-uu-afectara-negativamente-en-las-relaciones-entre-ambos-paises","status":"publish","type":"post","link":"https:\/\/archive.sana.sy\/es\/?p=68939","title":{"rendered":"Egipto: Reducir la ayuda de los EE.UU. afectar\u00e1 negativamente en las relaciones entre ambos pa\u00edses"},"content":{"rendered":"<p><span style=\"color: #800000\">El Cairo, SANA<\/span>&#8211; El Ministerio de Relaciones Exteriores egipcio expres\u00f3, en un comunicado, su pesar por la decisi\u00f3n de Estados Unidos de reducir el programa de ayuda estadounidense al gobierno de la Rep\u00fablica \u00c1rabe.<\/p>\n<p>El comunicado del ministerio enfatiz\u00f3 que estas medidas reflejan una acentuaci\u00f3n err\u00f3nea de los lazos entre los dos pa\u00edses durante d\u00e9cadas, y demuestran que Washington no entiende la importancia de apoyar a la estabilidad de Egipto y la magnitud de los problemas econ\u00f3micos, as\u00ed como los problemas de seguridad que enfrenta.<\/p>\n<p>Las medidas adoptadas podr\u00edan afectar negativamente a las relaciones entre Egipto y los Estados Unidos, agreg\u00f3 el texto del ente egipcio.<\/p>\n<p>&nbsp;<\/p>\n<p>&nbsp;<\/p>\n<p>M\/Miri<\/p>\n","protected":false},"excerpt":{"rendered":"<p>El Cairo, SANA&#8211; El Ministerio de Relaciones Exteriores egipcio expres\u00f3, en un comunicado, su pesar por la decisi\u00f3n de Estados Unidos de reducir el programa de ayuda estadounidense al gobierno de la Rep\u00fablica \u00c1rabe. El comunicado del ministerio enfatiz\u00f3 que estas medidas reflejan una acentuaci\u00f3n err\u00f3nea de los lazos entre los dos pa\u00edses durante d\u00e9cadas, &hellip;<\/p>\n","protected":false},"author":1,"featured_media":68940,"comment_status":"closed","ping_status":"closed","sticky":false,"template":"","format":"standard","meta":{"footnotes":""},"categories":[597,456,457],"tags":[8253],"class_list":["post-68939","post","type-post","status-publish","format-standard","has-post-thumbnail","","category-cinta-de-noticias","category-arabe-internacional-politica","category-noticias-arabe-internacional-politica","tag-egipto"],"_links":{"self":[{"href":"https:\/\/archive.sana.sy\/es\/index.php?rest_route=\/wp\/v2\/posts\/68939"}],"collection":[{"href":"https:\/\/archive.sana.sy\/es\/index.php?rest_route=\/wp\/v2\/posts"}],"about":[{"href":"https:\/\/archive.sana.sy\/es\/index.php?rest_route=\/wp\/v2\/types\/post"}],"author":[{"embeddable":true,"href":"https:\/\/archive.sana.sy\/es\/index.php?rest_route=\/wp\/v2\/users\/1"}],"replies":[{"embeddable":true,"href":"https:\/\/archive.sana.sy\/es\/index.php?rest_route=%2Fwp%2Fv2%2Fcomments&post=68939"}],"version-history":[{"count":0,"href":"https:\/\/archive.sana.sy\/es\/index.php?rest_route=\/wp\/v2\/posts\/68939\/revisions"}],"wp:featuredmedia":[{"embeddable":true,"href":"https:\/\/archive.sana.sy\/es\/index.php?rest_route=\/wp\/v2\/media\/68940"}],"wp:attachment":[{"href":"https:\/\/archive.sana.sy\/es\/index.php?rest_route=%2Fwp%2Fv2%2Fmedia&parent=68939"}],"wp:term":[{"taxonomy":"category","embeddable":true,"href":"https:\/\/archive.sana.sy\/es\/index.php?rest_route=%2Fwp%2Fv2%2Fcategories&post=68939"},{"taxonomy":"post_tag","embeddable":true,"href":"https:\/\/archive.sana.sy\/es\/index.php?rest_route=%2Fwp%2Fv2%2Ftags&post=68939"}],"curies":[{"name":"wp","href":"https:\/\/api.w.org\/{rel}","templated":true}]}}