{"id":68948,"date":"2017-08-23T19:02:35","date_gmt":"2017-08-23T16:02:35","guid":{"rendered":"http:\/\/www.sana.sy\/es\/?p=68948"},"modified":"2017-08-23T19:02:35","modified_gmt":"2017-08-23T16:02:35","slug":"freia-internacional-de-damasco-sigue-recibiendo-visitantes-en-su-septimo-dia","status":"publish","type":"post","link":"https:\/\/archive.sana.sy\/es\/?p=68948","title":{"rendered":"Fre\u00eda Internacional de Damasco sigue recibiendo visitantes en su s\u00e9ptimo d\u00eda"},"content":{"rendered":"<p><span style=\"color: #800000\">Damasco, SANA<\/span>&#8211; Una gran variedad de actividades econ\u00f3micas, culturales y recreativas esperan a los visitantes del s\u00e9ptimo d\u00eda de la actual Fre\u00eda Internacional de Damasco, donde m\u00e1s de 237 mil visitantes de la Fre\u00eda el martes pasado.<\/p>\n<p>El programa de actividades de este mi\u00e9rcoles incluyen un concierto de los cantantes liban\u00e9s Mouin Sharif y Mirna Mallouhi, para los ni\u00f1os se presentar\u00e1 un espect\u00e1culo de folklore y actividades de entretenimiento.<\/p>\n<p>Asimismo, la Asociaci\u00f3n del Foro de la Familia de Siria rendir\u00e1 homenaje en cooperaci\u00f3n con la empresa de alimentos a un n\u00famero de familiares de m\u00e1rtires, que tendr\u00e1 lugar en el complejo de Exposiciones.<\/p>\n<p>En paralelo, La Exposici\u00f3n de al-Basel para la Creaci\u00f3n e Innovaci\u00f3n continuar\u00e1 sus actividades para el tercer d\u00eda con la participaci\u00f3n de m\u00e1s de 650 inventores.<\/p>\n<p>&nbsp;<\/p>\n<p>M\/Miri<\/p>\n","protected":false},"excerpt":{"rendered":"<p>Damasco, SANA&#8211; Una gran variedad de actividades econ\u00f3micas, culturales y recreativas esperan a los visitantes del s\u00e9ptimo d\u00eda de la actual Fre\u00eda Internacional de Damasco, donde m\u00e1s de 237 mil visitantes de la Fre\u00eda el martes pasado. El programa de actividades de este mi\u00e9rcoles incluyen un concierto de los cantantes liban\u00e9s Mouin Sharif y Mirna &hellip;<\/p>\n","protected":false},"author":1,"featured_media":68949,"comment_status":"closed","ping_status":"closed","sticky":false,"template":"","format":"standard","meta":{"footnotes":""},"categories":[597,583],"tags":[10684],"class_list":["post-68948","post","type-post","status-publish","format-standard","has-post-thumbnail","","category-cinta-de-noticias","category-slide","tag-freia-internacional-de-damasco"],"_links":{"self":[{"href":"https:\/\/archive.sana.sy\/es\/index.php?rest_route=\/wp\/v2\/posts\/68948"}],"collection":[{"href":"https:\/\/archive.sana.sy\/es\/index.php?rest_route=\/wp\/v2\/posts"}],"about":[{"href":"https:\/\/archive.sana.sy\/es\/index.php?rest_route=\/wp\/v2\/types\/post"}],"author":[{"embeddable":true,"href":"https:\/\/archive.sana.sy\/es\/index.php?rest_route=\/wp\/v2\/users\/1"}],"replies":[{"embeddable":true,"href":"https:\/\/archive.sana.sy\/es\/index.php?rest_route=%2Fwp%2Fv2%2Fcomments&post=68948"}],"version-history":[{"count":0,"href":"https:\/\/archive.sana.sy\/es\/index.php?rest_route=\/wp\/v2\/posts\/68948\/revisions"}],"wp:featuredmedia":[{"embeddable":true,"href":"https:\/\/archive.sana.sy\/es\/index.php?rest_route=\/wp\/v2\/media\/68949"}],"wp:attachment":[{"href":"https:\/\/archive.sana.sy\/es\/index.php?rest_route=%2Fwp%2Fv2%2Fmedia&parent=68948"}],"wp:term":[{"taxonomy":"category","embeddable":true,"href":"https:\/\/archive.sana.sy\/es\/index.php?rest_route=%2Fwp%2Fv2%2Fcategories&post=68948"},{"taxonomy":"post_tag","embeddable":true,"href":"https:\/\/archive.sana.sy\/es\/index.php?rest_route=%2Fwp%2Fv2%2Ftags&post=68948"}],"curies":[{"name":"wp","href":"https:\/\/api.w.org\/{rel}","templated":true}]}}