{"id":68953,"date":"2017-08-24T17:43:18","date_gmt":"2017-08-24T14:43:18","guid":{"rendered":"http:\/\/www.sana.sy\/es\/?p=68953"},"modified":"2017-08-24T20:42:02","modified_gmt":"2017-08-24T17:42:02","slug":"ejercito-sirio-libera-del-daesh-a-cinco-pueblos-en-homs-y-a-nuevas-alturas-en-la-frontera-con-el-libano","status":"publish","type":"post","link":"https:\/\/archive.sana.sy\/es\/?p=68953","title":{"rendered":"Ej\u00e9rcito sirio libera del Daesh a nuevas alturas en Qalamoun"},"content":{"rendered":"<p>Provincias, SANA<\/p>\n<p>Unidades militares del Ej\u00e9rcito sirio apoyadas por combatientes del Movimiento de Resistencia Libanesa (Hezbollah) contin\u00faan sus operaciones militares contra los terroristas del grupo extremista &#8220;Daesh&#8221; en Qalmoun, en la frontera sirio-libanesa.<\/p>\n<p>Una fuente militar anunci\u00f3 que el ej\u00e9rcito y la resistencia libanesa retomaron el control de las colinas de Shabet Ismail y Dahra y del paso fronterizo de Mashqateh, en las Llanuras de Qara, despu\u00e9s de haber eliminado a los \u00faltimos reductos de terroristas de DAESH all\u00ed.<\/p>\n<p>Asimismo fueron liberados del EIIL los picos de Wadi Maghara Kbireh y Wadi Maghara Seghireh y un paso fronterizo ilegal con El L\u00edbano.<\/p>\n<p><span style=\"color: #0000ff\">Dier Ezzor<\/span><\/p>\n<p>Unidades del ej\u00e9rcito chocaron con terroristas del EIIL cerca del aeropuerto militar, en la zona de Maqaber y el panorama. Los enfrentamientos terminaron con la muerte de varios terroristas.<\/p>\n<p>Entre tanto, la artiller\u00eda y los cazabombarderos arrasaron con sedes y fortines de DAESH en Hwiejet Saqer, Ain Buyumah, el poblado de Ayash, Kharita, Bgheilieh y en el barrio de Umal.<\/p>\n<p><span style=\"color: #0000ff\">Hama<\/span><\/p>\n<p>Una fuente militar inform\u00f3 que el ej\u00e9rcito, secundado por fuerzas populares expuls\u00f3 a terroristas del DAESh del poblado de Yana Albawi y de las colinas que rodean al poblado.<\/p>\n<p>Y.K.<\/p>\n","protected":false},"excerpt":{"rendered":"<p>Provincias, SANA Unidades militares del Ej\u00e9rcito sirio apoyadas por combatientes del Movimiento de Resistencia Libanesa (Hezbollah) contin\u00faan sus operaciones militares contra los terroristas del grupo extremista &#8220;Daesh&#8221; en Qalmoun, en la frontera sirio-libanesa. Una fuente militar anunci\u00f3 que el ej\u00e9rcito y la resistencia libanesa retomaron el control de las colinas de Shabet Ismail y Dahra &hellip;<\/p>\n","protected":false},"author":1,"featured_media":68954,"comment_status":"closed","ping_status":"closed","sticky":false,"template":"","format":"standard","meta":{"footnotes":""},"categories":[573,583],"tags":[],"class_list":["post-68953","post","type-post","status-publish","format-standard","has-post-thumbnail","","category-la-realidad-de-los-acontecimientos-en-siria","category-slide"],"_links":{"self":[{"href":"https:\/\/archive.sana.sy\/es\/index.php?rest_route=\/wp\/v2\/posts\/68953"}],"collection":[{"href":"https:\/\/archive.sana.sy\/es\/index.php?rest_route=\/wp\/v2\/posts"}],"about":[{"href":"https:\/\/archive.sana.sy\/es\/index.php?rest_route=\/wp\/v2\/types\/post"}],"author":[{"embeddable":true,"href":"https:\/\/archive.sana.sy\/es\/index.php?rest_route=\/wp\/v2\/users\/1"}],"replies":[{"embeddable":true,"href":"https:\/\/archive.sana.sy\/es\/index.php?rest_route=%2Fwp%2Fv2%2Fcomments&post=68953"}],"version-history":[{"count":0,"href":"https:\/\/archive.sana.sy\/es\/index.php?rest_route=\/wp\/v2\/posts\/68953\/revisions"}],"wp:featuredmedia":[{"embeddable":true,"href":"https:\/\/archive.sana.sy\/es\/index.php?rest_route=\/wp\/v2\/media\/68954"}],"wp:attachment":[{"href":"https:\/\/archive.sana.sy\/es\/index.php?rest_route=%2Fwp%2Fv2%2Fmedia&parent=68953"}],"wp:term":[{"taxonomy":"category","embeddable":true,"href":"https:\/\/archive.sana.sy\/es\/index.php?rest_route=%2Fwp%2Fv2%2Fcategories&post=68953"},{"taxonomy":"post_tag","embeddable":true,"href":"https:\/\/archive.sana.sy\/es\/index.php?rest_route=%2Fwp%2Fv2%2Ftags&post=68953"}],"curies":[{"name":"wp","href":"https:\/\/api.w.org\/{rel}","templated":true}]}}