{"id":68956,"date":"2017-08-24T17:46:28","date_gmt":"2017-08-24T14:46:28","guid":{"rendered":"http:\/\/www.sana.sy\/es\/?p=68956"},"modified":"2017-08-24T17:46:28","modified_gmt":"2017-08-24T14:46:28","slug":"siete-civiles-mueren-en-nuevos-bombardeos-de-la-coalicion-internacional-contra-una-ciudad-siria","status":"publish","type":"post","link":"https:\/\/archive.sana.sy\/es\/?p=68956","title":{"rendered":"Siete civiles mueren en nuevos bombardeos de la Coalici\u00f3n Internacional contra una ciudad siria"},"content":{"rendered":"<p>Deir Ezzor, SANA<\/p>\n<p>La Coalici\u00f3n Internacional encabeza por EE.UU comete una nueva mascare que se cobr\u00f3 la vida de varios civiles en la provincia oriental siria de Deir Ezzor.<\/p>\n<p>Fuentes locales citadas por la agencia SANA, informaron que aviones de combate de la Coalici\u00f3n bombardearon los barrios residenciales de la ciudad de Al-Mayadeen, ubicada a 45 km al este de la cabecera provincia Deir Ezzor.<\/p>\n<p>El bombardeo provoc\u00f3 la muerte de siete civiles, todos son mujeres ni\u00f1os, adem\u00e1s de provocar da\u00f1os materiales.<\/p>\n<p>Seg\u00fan las fuentes, la cifra de v\u00edctimas mortales podr\u00eda aumentar ya que muchos se mantienen atrapados debajo de los escombros.<br \/>\nEl pasado lunes, m\u00e1s de 78 civiles sirios murieron en bombardeos a\u00e9reos por parte de la Coalici\u00f3n contra los barrios residenciales de la ciudad de Raqqa en el nordeste de Siria.<\/p>\n<p>Mientras que el s\u00e1bado pasado, un semejante bombardeo caus\u00f3 la muerte de 20 civiles, en su mayor\u00eda ni\u00f1os y mujeres, en la ciudad de Shadadi, en la provincia de Hassakeh.<\/p>\n<p>F.M.-Y.K.<\/p>\n","protected":false},"excerpt":{"rendered":"<p>Deir Ezzor, SANA La Coalici\u00f3n Internacional encabeza por EE.UU comete una nueva mascare que se cobr\u00f3 la vida de varios civiles en la provincia oriental siria de Deir Ezzor. Fuentes locales citadas por la agencia SANA, informaron que aviones de combate de la Coalici\u00f3n bombardearon los barrios residenciales de la ciudad de Al-Mayadeen, ubicada a &hellip;<\/p>\n","protected":false},"author":1,"featured_media":68957,"comment_status":"closed","ping_status":"closed","sticky":false,"template":"","format":"standard","meta":{"footnotes":""},"categories":[467,583,7541],"tags":[],"class_list":["post-68956","post","type-post","status-publish","format-standard","has-post-thumbnail","","category-siria-y-el-mundo","category-slide","category-ultimas-noticias"],"_links":{"self":[{"href":"https:\/\/archive.sana.sy\/es\/index.php?rest_route=\/wp\/v2\/posts\/68956"}],"collection":[{"href":"https:\/\/archive.sana.sy\/es\/index.php?rest_route=\/wp\/v2\/posts"}],"about":[{"href":"https:\/\/archive.sana.sy\/es\/index.php?rest_route=\/wp\/v2\/types\/post"}],"author":[{"embeddable":true,"href":"https:\/\/archive.sana.sy\/es\/index.php?rest_route=\/wp\/v2\/users\/1"}],"replies":[{"embeddable":true,"href":"https:\/\/archive.sana.sy\/es\/index.php?rest_route=%2Fwp%2Fv2%2Fcomments&post=68956"}],"version-history":[{"count":0,"href":"https:\/\/archive.sana.sy\/es\/index.php?rest_route=\/wp\/v2\/posts\/68956\/revisions"}],"wp:featuredmedia":[{"embeddable":true,"href":"https:\/\/archive.sana.sy\/es\/index.php?rest_route=\/wp\/v2\/media\/68957"}],"wp:attachment":[{"href":"https:\/\/archive.sana.sy\/es\/index.php?rest_route=%2Fwp%2Fv2%2Fmedia&parent=68956"}],"wp:term":[{"taxonomy":"category","embeddable":true,"href":"https:\/\/archive.sana.sy\/es\/index.php?rest_route=%2Fwp%2Fv2%2Fcategories&post=68956"},{"taxonomy":"post_tag","embeddable":true,"href":"https:\/\/archive.sana.sy\/es\/index.php?rest_route=%2Fwp%2Fv2%2Ftags&post=68956"}],"curies":[{"name":"wp","href":"https:\/\/api.w.org\/{rel}","templated":true}]}}