{"id":68959,"date":"2017-08-24T17:47:52","date_gmt":"2017-08-24T14:47:52","guid":{"rendered":"http:\/\/www.sana.sy\/es\/?p=68959"},"modified":"2017-08-24T17:48:12","modified_gmt":"2017-08-24T14:48:12","slug":"284-mil-visitantes-en-el-septimo-dia-de-la-feria-internacional-de-damasco","status":"publish","type":"post","link":"https:\/\/archive.sana.sy\/es\/?p=68959","title":{"rendered":"284 mil visitantes en el s\u00e9ptimo d\u00eda de la Feria Internacional de Damasco"},"content":{"rendered":"<p>Damasco, SANA<\/p>\n<p>Contin\u00faa la 59 Edici\u00f3n de la Feria Internacional de Damasco, uno de los eventos econ\u00f3micos, comerciales, sociales y art\u00edsticos m\u00e1s grandes de la regi\u00f3n.<\/p>\n<p>Seg\u00fan el Establecimiento de Feria y Mercados Internacionales, unas 283 mil personas visitaron la feria en su s\u00e9ptimo d\u00eda.<\/p>\n<p>El programa de actividades del s\u00e9ptimo d\u00eda de la Feria incluy\u00f3 un concierto de los cantantes liban\u00e9s Mouin Sharif, al que asistieron decenas de miles de visitantes.<\/p>\n<p>Por otro lado, se organiz\u00f3 un acto para homenajear a un n\u00famero de familiares de m\u00e1rtires.<\/p>\n<p>Asimismo, el Ministro de Comercio Interior y Protecci\u00f3n al Consumidor anunci\u00f3 la firma de varios contratos de exportaci\u00f3n de productos sirio a Irak.<\/p>\n<p>F.M.-Y.K.<\/p>\n","protected":false},"excerpt":{"rendered":"<p>Damasco, SANA Contin\u00faa la 59 Edici\u00f3n de la Feria Internacional de Damasco, uno de los eventos econ\u00f3micos, comerciales, sociales y art\u00edsticos m\u00e1s grandes de la regi\u00f3n. Seg\u00fan el Establecimiento de Feria y Mercados Internacionales, unas 283 mil personas visitaron la feria en su s\u00e9ptimo d\u00eda. El programa de actividades del s\u00e9ptimo d\u00eda de la Feria &hellip;<\/p>\n","protected":false},"author":1,"featured_media":68960,"comment_status":"closed","ping_status":"closed","sticky":false,"template":"","format":"standard","meta":{"footnotes":""},"categories":[476,583,7541],"tags":[],"class_list":["post-68959","post","type-post","status-publish","format-standard","has-post-thumbnail","","category-locales","category-slide","category-ultimas-noticias"],"_links":{"self":[{"href":"https:\/\/archive.sana.sy\/es\/index.php?rest_route=\/wp\/v2\/posts\/68959"}],"collection":[{"href":"https:\/\/archive.sana.sy\/es\/index.php?rest_route=\/wp\/v2\/posts"}],"about":[{"href":"https:\/\/archive.sana.sy\/es\/index.php?rest_route=\/wp\/v2\/types\/post"}],"author":[{"embeddable":true,"href":"https:\/\/archive.sana.sy\/es\/index.php?rest_route=\/wp\/v2\/users\/1"}],"replies":[{"embeddable":true,"href":"https:\/\/archive.sana.sy\/es\/index.php?rest_route=%2Fwp%2Fv2%2Fcomments&post=68959"}],"version-history":[{"count":0,"href":"https:\/\/archive.sana.sy\/es\/index.php?rest_route=\/wp\/v2\/posts\/68959\/revisions"}],"wp:featuredmedia":[{"embeddable":true,"href":"https:\/\/archive.sana.sy\/es\/index.php?rest_route=\/wp\/v2\/media\/68960"}],"wp:attachment":[{"href":"https:\/\/archive.sana.sy\/es\/index.php?rest_route=%2Fwp%2Fv2%2Fmedia&parent=68959"}],"wp:term":[{"taxonomy":"category","embeddable":true,"href":"https:\/\/archive.sana.sy\/es\/index.php?rest_route=%2Fwp%2Fv2%2Fcategories&post=68959"},{"taxonomy":"post_tag","embeddable":true,"href":"https:\/\/archive.sana.sy\/es\/index.php?rest_route=%2Fwp%2Fv2%2Ftags&post=68959"}],"curies":[{"name":"wp","href":"https:\/\/api.w.org\/{rel}","templated":true}]}}