{"id":68962,"date":"2017-08-24T17:55:28","date_gmt":"2017-08-24T14:55:28","guid":{"rendered":"http:\/\/www.sana.sy\/es\/?p=68962"},"modified":"2017-08-24T18:10:58","modified_gmt":"2017-08-24T15:10:58","slug":"siria-y-el-undp-debaten-las-vias-de-reforzar-la-cooperacion-bilateral","status":"publish","type":"post","link":"https:\/\/archive.sana.sy\/es\/?p=68962","title":{"rendered":"Siria y el UNDP debaten las v\u00edas de reforzar la cooperaci\u00f3n bilateral"},"content":{"rendered":"<p>Damasco, SANA<\/p>\n<p>El Ministro de Exteriores y Expatriados, Walid Al-Moallem, se reuni\u00f3 en esta capital con Murad Wahbah, Director Regional del Programa de las Naciones Unidas para el Desarrollo (UNDP) y la delegaci\u00f3n que le acompa\u00f1a.<\/p>\n<p>Ambos debatieron las formas de fortalecer y desarrollar la cooperaci\u00f3n establecida entre el Gobierno sirio y el UNDP en aras de contribuir al \u00e9xito de los programas de desarrollo emprendidos por el gobierno y que buscan satisfacer todas las necesidades humanitarias b\u00e1sicas del ciudadano sirio.<\/p>\n<p>El canciller Al-Moallem explic\u00f3 los esfuerzos del gobierno sirio en la implementaci\u00f3n de programas de desarrollo, a pesar de todos los obst\u00e1culos, como la continuaci\u00f3n de las injustas sanciones unilaterales impuestas sobre Siria y la politizaci\u00f3n llevada a cabo por muchos donantes al expediente humanitario.<\/p>\n<p>El jefe de la diplomacia siria denunci\u00f3 los cr\u00edmenes y pr\u00e1cticas de los grupos terroristas armados, apoyados por conocidos pa\u00edses regionales e internacionales, y que desgastan a los recursos asignados para el fomento.<\/p>\n<p>Hizo hincapi\u00e9 en la importancia de fortalecer la cooperaci\u00f3n entre el gobierno sirio y el UNDP durante la siguiente etapa, especialmente en el \u00e1mbito de la reconstrucci\u00f3n.<\/p>\n<p>Por su parte, el Director Regional del UNDP apreci\u00f3 los esfuerzos del Gobierno sirio encaminados a satisfacer las necesidades b\u00e1sicas del pueblo sirio, a pesar de todas las dificultades, y su cooperaci\u00f3n constructiva con el Programa de las Naciones Unidas para el Desarrollo.<\/p>\n<p>Manifest\u00f3 el inter\u00e9s del UNDP en incrementar los proyectos humanitarios y fomento financiados en cooperaci\u00f3n con el gobierno sirio, lejos de cualquier politizaci\u00f3n y selectividad.<\/p>\n<p>Tambi\u00e9n expres\u00f3 la disposici\u00f3n del Programa para fortalecer la cooperaci\u00f3n con el gobierno sirio para fortalecer su capacidad de hacer frente a las crecientes presiones de vida, haciendo hincapi\u00e9 en la importancia de aumentar la coordinaci\u00f3n y la colaboraci\u00f3n entre las dos partes.<\/p>\n<p>Por su parte, el Viceministro de Exteriores y Expatriados Dr. Faisal Mekdad, examin\u00f3 con Wahbleh la promoci\u00f3n del trabajo socorro y la distribuci\u00f3n de ayuda humanitaria.<\/p>\n<p>F.M.-Y.K.<\/p>\n","protected":false},"excerpt":{"rendered":"<p>Damasco, SANA El Ministro de Exteriores y Expatriados, Walid Al-Moallem, se reuni\u00f3 en esta capital con Murad Wahbah, Director Regional del Programa de las Naciones Unidas para el Desarrollo (UNDP) y la delegaci\u00f3n que le acompa\u00f1a. Ambos debatieron las formas de fortalecer y desarrollar la cooperaci\u00f3n establecida entre el Gobierno sirio y el UNDP en &hellip;<\/p>\n","protected":false},"author":1,"featured_media":68963,"comment_status":"closed","ping_status":"closed","sticky":false,"template":"","format":"standard","meta":{"footnotes":""},"categories":[477,476,583,7541,1],"tags":[],"class_list":["post-68962","post","type-post","status-publish","format-standard","has-post-thumbnail","","category-noticias-edulcorantes","category-locales","category-slide","category-ultimas-noticias","category-news-not-sorted"],"_links":{"self":[{"href":"https:\/\/archive.sana.sy\/es\/index.php?rest_route=\/wp\/v2\/posts\/68962"}],"collection":[{"href":"https:\/\/archive.sana.sy\/es\/index.php?rest_route=\/wp\/v2\/posts"}],"about":[{"href":"https:\/\/archive.sana.sy\/es\/index.php?rest_route=\/wp\/v2\/types\/post"}],"author":[{"embeddable":true,"href":"https:\/\/archive.sana.sy\/es\/index.php?rest_route=\/wp\/v2\/users\/1"}],"replies":[{"embeddable":true,"href":"https:\/\/archive.sana.sy\/es\/index.php?rest_route=%2Fwp%2Fv2%2Fcomments&post=68962"}],"version-history":[{"count":0,"href":"https:\/\/archive.sana.sy\/es\/index.php?rest_route=\/wp\/v2\/posts\/68962\/revisions"}],"wp:featuredmedia":[{"embeddable":true,"href":"https:\/\/archive.sana.sy\/es\/index.php?rest_route=\/wp\/v2\/media\/68963"}],"wp:attachment":[{"href":"https:\/\/archive.sana.sy\/es\/index.php?rest_route=%2Fwp%2Fv2%2Fmedia&parent=68962"}],"wp:term":[{"taxonomy":"category","embeddable":true,"href":"https:\/\/archive.sana.sy\/es\/index.php?rest_route=%2Fwp%2Fv2%2Fcategories&post=68962"},{"taxonomy":"post_tag","embeddable":true,"href":"https:\/\/archive.sana.sy\/es\/index.php?rest_route=%2Fwp%2Fv2%2Ftags&post=68962"}],"curies":[{"name":"wp","href":"https:\/\/api.w.org\/{rel}","templated":true}]}}