{"id":69113,"date":"2017-08-27T22:23:36","date_gmt":"2017-08-27T19:23:36","guid":{"rendered":"http:\/\/www.sana.sy\/es\/?p=69113"},"modified":"2017-08-27T22:23:36","modified_gmt":"2017-08-27T19:23:36","slug":"dos-martires-y-tres-mujeres-heridas-en-el-campo-de-sweida-en-una-nueva-violacion-de-los-grupos-terroristas-al-acuerdo-de-la-zona-de-distension","status":"publish","type":"post","link":"https:\/\/archive.sana.sy\/es\/?p=69113","title":{"rendered":"Dos m\u00e1rtires y tres mujeres heridas en el campo de Sweida en una nueva violaci\u00f3n de los grupos terroristas al acuerdo de la zona de distensi\u00f3n."},"content":{"rendered":"<p>&nbsp;<\/p>\n<p><span style=\"color: #800000;\">Sweida-SANA<\/span><\/p>\n<p>Dos personas perdieron la vida y tres mujeres resultaron heridas en la localidad de al Dour en la comarca occidental de Sweida por agresiones terroristas en una nueva violaci\u00f3n al acuerdo de zonas de distensi\u00f3n.<\/p>\n<p>Una fuente de la gobernaci\u00f3n inform\u00f3 que dos personas de la localidad de al Dour en la comarca occidental de Sweida perdieron la vida por disparos de grupos terroristas desplegados en la localidad de Nahteh en el campo de Deraa.<\/p>\n<p>&nbsp;<\/p>\n<p><span style=\"color: #0000ff;\">Akram. S<\/span><\/p>\n","protected":false},"excerpt":{"rendered":"<p>&nbsp; Sweida-SANA Dos personas perdieron la vida y tres mujeres resultaron heridas en la localidad de al Dour en la comarca occidental de Sweida por agresiones terroristas en una nueva violaci\u00f3n al acuerdo de zonas de distensi\u00f3n. Una fuente de la gobernaci\u00f3n inform\u00f3 que dos personas de la localidad de al Dour en la comarca &hellip;<\/p>\n","protected":false},"author":1,"featured_media":69114,"comment_status":"closed","ping_status":"closed","sticky":false,"template":"","format":"standard","meta":{"footnotes":""},"categories":[597,573,476,583,7541],"tags":[],"class_list":["post-69113","post","type-post","status-publish","format-standard","has-post-thumbnail","","category-cinta-de-noticias","category-la-realidad-de-los-acontecimientos-en-siria","category-locales","category-slide","category-ultimas-noticias"],"_links":{"self":[{"href":"https:\/\/archive.sana.sy\/es\/index.php?rest_route=\/wp\/v2\/posts\/69113"}],"collection":[{"href":"https:\/\/archive.sana.sy\/es\/index.php?rest_route=\/wp\/v2\/posts"}],"about":[{"href":"https:\/\/archive.sana.sy\/es\/index.php?rest_route=\/wp\/v2\/types\/post"}],"author":[{"embeddable":true,"href":"https:\/\/archive.sana.sy\/es\/index.php?rest_route=\/wp\/v2\/users\/1"}],"replies":[{"embeddable":true,"href":"https:\/\/archive.sana.sy\/es\/index.php?rest_route=%2Fwp%2Fv2%2Fcomments&post=69113"}],"version-history":[{"count":0,"href":"https:\/\/archive.sana.sy\/es\/index.php?rest_route=\/wp\/v2\/posts\/69113\/revisions"}],"wp:featuredmedia":[{"embeddable":true,"href":"https:\/\/archive.sana.sy\/es\/index.php?rest_route=\/wp\/v2\/media\/69114"}],"wp:attachment":[{"href":"https:\/\/archive.sana.sy\/es\/index.php?rest_route=%2Fwp%2Fv2%2Fmedia&parent=69113"}],"wp:term":[{"taxonomy":"category","embeddable":true,"href":"https:\/\/archive.sana.sy\/es\/index.php?rest_route=%2Fwp%2Fv2%2Fcategories&post=69113"},{"taxonomy":"post_tag","embeddable":true,"href":"https:\/\/archive.sana.sy\/es\/index.php?rest_route=%2Fwp%2Fv2%2Ftags&post=69113"}],"curies":[{"name":"wp","href":"https:\/\/api.w.org\/{rel}","templated":true}]}}