{"id":69116,"date":"2017-08-28T17:42:10","date_gmt":"2017-08-28T14:42:10","guid":{"rendered":"http:\/\/www.sana.sy\/es\/?p=69116"},"modified":"2017-08-28T17:48:20","modified_gmt":"2017-08-28T14:48:20","slug":"festival-de-bienvenida-al-eid-y-las-escuelas-inicia-el-dia-30-de-este-mes","status":"publish","type":"post","link":"https:\/\/archive.sana.sy\/es\/?p=69116","title":{"rendered":"Festival de &#8220;Bienvenida al Eid y las Escuelas&#8221; inicia el d\u00eda 30 de este mes"},"content":{"rendered":"<p>Damasco, SANA<\/p>\n<p>La C\u00e1mara de Comercio de Damasco anunci\u00f3 la organizaci\u00f3n del &#8220;Festival de Bienvenida al Eid y las Escuelas&#8221; en el complejo hist\u00f3rico de la Mezquita de Suleiman en Damasco.<\/p>\n<p>El festival que coincide con la fiesta religiosa de Eid Adha o la Fiesta del Sacrificio y la apertura del nuevo curso escolar, durar\u00e1 del d\u00eda 30 del mes en curso hasta el d\u00eda 16 del mes de septiembre.<\/p>\n<p>En un comunicado, la C\u00e1mara de Comercio de Damasco explic\u00f3 que el evento tiene como objetivo proporcionar productos sirios de alta calidad y precios m\u00f3dicos a los consumidores.<\/p>\n<p>En el Festival se vender\u00e1n todas las necesidades de los estudiantes para la escuela como el material escolar, los uniformes, alimentos, detergentes, cosm\u00e9ticos y todo lo que necesita la familia.<\/p>\n<p>Durante los d\u00edas del Festival, se organizar\u00e1n una serie de eventos, espect\u00e1culos y juegos para ni\u00f1os.<\/p>\n<p>Esa es la segunda edici\u00f3n del festival que se celebr\u00f3 el a\u00f1o pasado y tuvo mucho \u00e9xito.<\/p>\n<p>F.M.-Y.K.<\/p>\n","protected":false},"excerpt":{"rendered":"<p>Damasco, SANA La C\u00e1mara de Comercio de Damasco anunci\u00f3 la organizaci\u00f3n del &#8220;Festival de Bienvenida al Eid y las Escuelas&#8221; en el complejo hist\u00f3rico de la Mezquita de Suleiman en Damasco. El festival que coincide con la fiesta religiosa de Eid Adha o la Fiesta del Sacrificio y la apertura del nuevo curso escolar, durar\u00e1 &hellip;<\/p>\n","protected":false},"author":1,"featured_media":69125,"comment_status":"closed","ping_status":"closed","sticky":false,"template":"","format":"standard","meta":{"footnotes":""},"categories":[477,476,7541],"tags":[],"class_list":["post-69116","post","type-post","status-publish","format-standard","has-post-thumbnail","","category-noticias-edulcorantes","category-locales","category-ultimas-noticias"],"_links":{"self":[{"href":"https:\/\/archive.sana.sy\/es\/index.php?rest_route=\/wp\/v2\/posts\/69116"}],"collection":[{"href":"https:\/\/archive.sana.sy\/es\/index.php?rest_route=\/wp\/v2\/posts"}],"about":[{"href":"https:\/\/archive.sana.sy\/es\/index.php?rest_route=\/wp\/v2\/types\/post"}],"author":[{"embeddable":true,"href":"https:\/\/archive.sana.sy\/es\/index.php?rest_route=\/wp\/v2\/users\/1"}],"replies":[{"embeddable":true,"href":"https:\/\/archive.sana.sy\/es\/index.php?rest_route=%2Fwp%2Fv2%2Fcomments&post=69116"}],"version-history":[{"count":0,"href":"https:\/\/archive.sana.sy\/es\/index.php?rest_route=\/wp\/v2\/posts\/69116\/revisions"}],"wp:featuredmedia":[{"embeddable":true,"href":"https:\/\/archive.sana.sy\/es\/index.php?rest_route=\/wp\/v2\/media\/69125"}],"wp:attachment":[{"href":"https:\/\/archive.sana.sy\/es\/index.php?rest_route=%2Fwp%2Fv2%2Fmedia&parent=69116"}],"wp:term":[{"taxonomy":"category","embeddable":true,"href":"https:\/\/archive.sana.sy\/es\/index.php?rest_route=%2Fwp%2Fv2%2Fcategories&post=69116"},{"taxonomy":"post_tag","embeddable":true,"href":"https:\/\/archive.sana.sy\/es\/index.php?rest_route=%2Fwp%2Fv2%2Ftags&post=69116"}],"curies":[{"name":"wp","href":"https:\/\/api.w.org\/{rel}","templated":true}]}}