{"id":69119,"date":"2017-08-28T17:43:38","date_gmt":"2017-08-28T14:43:38","guid":{"rendered":"http:\/\/www.sana.sy\/es\/?p=69119"},"modified":"2017-08-28T17:43:38","modified_gmt":"2017-08-28T14:43:38","slug":"ministro-de-petroleo-las-minas-de-fosfato-volveran-pronto-a-la-produccion","status":"publish","type":"post","link":"https:\/\/archive.sana.sy\/es\/?p=69119","title":{"rendered":"Ministro de petr\u00f3leo: las minas de fosfato volver\u00e1n pronto a la producci\u00f3n"},"content":{"rendered":"<p>Damasco, SANA<\/p>\n<p>El Ministro de Petr\u00f3leo y Recursos Minerales, Ali Ghanem, declar\u00f3 este domingo que inmediatamente despu\u00e9s de la liberaci\u00f3n de los campos petroleros y gas\u00edferos por el Ej\u00e9rcito sirio, los cuadros del Ministerio trabajan para rehabilitaci\u00f3n de la infraestructura y encontrar soluciones creativas para que las instalaciones petroleras y de gas vuelvan a la producci\u00f3n.<\/p>\n<p>Revel\u00f3 en este sentido, que en los pr\u00f3ximos d\u00edas se inaugurar\u00e1 un nuevo pozo de gas en la zona de Qara en el centro del pa\u00eds, con una producci\u00f3n diaria de 350 mil metros c\u00fabicos de gas.<\/p>\n<p>Indic\u00f3 que la producci\u00f3n siria de gas en los \u00faltimos dos a\u00f1os aument\u00f3 notablemente hasta llegar a 11 millones de metros c\u00fabicos por d\u00eda.<br \/>\nPor otro lado, Ghanem dijo que las minas del fosfato en la zona de Khnefis cerca de Palmira volver\u00e1n a la producci\u00f3n dentro de un mes, y en este sentido destac\u00f3 que la l\u00ednea de ferrocarril de 186 km entre las minas y el puerto de Tartous est\u00e1 siendo sometidas a obras de rehabilitaci\u00f3n y se terminar\u00e1n en septiembre pr\u00f3ximo.<\/p>\n<p>F.M.-Y.K.<\/p>\n","protected":false},"excerpt":{"rendered":"<p>Damasco, SANA El Ministro de Petr\u00f3leo y Recursos Minerales, Ali Ghanem, declar\u00f3 este domingo que inmediatamente despu\u00e9s de la liberaci\u00f3n de los campos petroleros y gas\u00edferos por el Ej\u00e9rcito sirio, los cuadros del Ministerio trabajan para rehabilitaci\u00f3n de la infraestructura y encontrar soluciones creativas para que las instalaciones petroleras y de gas vuelvan a la &hellip;<\/p>\n","protected":false},"author":1,"featured_media":69120,"comment_status":"closed","ping_status":"closed","sticky":false,"template":"","format":"standard","meta":{"footnotes":""},"categories":[476,7541],"tags":[],"class_list":["post-69119","post","type-post","status-publish","format-standard","has-post-thumbnail","","category-locales","category-ultimas-noticias"],"_links":{"self":[{"href":"https:\/\/archive.sana.sy\/es\/index.php?rest_route=\/wp\/v2\/posts\/69119"}],"collection":[{"href":"https:\/\/archive.sana.sy\/es\/index.php?rest_route=\/wp\/v2\/posts"}],"about":[{"href":"https:\/\/archive.sana.sy\/es\/index.php?rest_route=\/wp\/v2\/types\/post"}],"author":[{"embeddable":true,"href":"https:\/\/archive.sana.sy\/es\/index.php?rest_route=\/wp\/v2\/users\/1"}],"replies":[{"embeddable":true,"href":"https:\/\/archive.sana.sy\/es\/index.php?rest_route=%2Fwp%2Fv2%2Fcomments&post=69119"}],"version-history":[{"count":0,"href":"https:\/\/archive.sana.sy\/es\/index.php?rest_route=\/wp\/v2\/posts\/69119\/revisions"}],"wp:featuredmedia":[{"embeddable":true,"href":"https:\/\/archive.sana.sy\/es\/index.php?rest_route=\/wp\/v2\/media\/69120"}],"wp:attachment":[{"href":"https:\/\/archive.sana.sy\/es\/index.php?rest_route=%2Fwp%2Fv2%2Fmedia&parent=69119"}],"wp:term":[{"taxonomy":"category","embeddable":true,"href":"https:\/\/archive.sana.sy\/es\/index.php?rest_route=%2Fwp%2Fv2%2Fcategories&post=69119"},{"taxonomy":"post_tag","embeddable":true,"href":"https:\/\/archive.sana.sy\/es\/index.php?rest_route=%2Fwp%2Fv2%2Ftags&post=69119"}],"curies":[{"name":"wp","href":"https:\/\/api.w.org\/{rel}","templated":true}]}}