{"id":69122,"date":"2017-08-28T20:58:12","date_gmt":"2017-08-28T17:58:12","guid":{"rendered":"http:\/\/www.sana.sy\/es\/?p=69122"},"modified":"2017-08-28T20:58:38","modified_gmt":"2017-08-28T17:58:38","slug":"ejercito-destruye-un-taller-para-la-fabricacion-de-coches-bomba-en-deir-ezzor","status":"publish","type":"post","link":"https:\/\/archive.sana.sy\/es\/?p=69122","title":{"rendered":"Ej\u00e9rcito destruye un taller para la fabricaci\u00f3n de coches-bomba en Deir Ezzor"},"content":{"rendered":"<p>Deir Ezzor, SANA<\/p>\n<p>Una unidad del ej\u00e9rcito destruy\u00f3 un taller para la fabricaci\u00f3n de coches-bomba y artefactos explosivos de los terroristas del Daesh cerca de la rotonda Tamwin en la ciudad de Deir Ezzor en el este del pa\u00eds.<\/p>\n<p>Seg\u00fan inform\u00f3 una fuente militar, el bombardeo caus\u00f3 la eliminaci\u00f3n del terrorista tunecino Abdullah Tuneci, responsable de la fabricaci\u00f3n de coches bombas y artefactos explosivos, junto a 12 terroristas que trabajaban en el taller.<\/p>\n<p><span style=\"color: #0000ff;\">Caos entre las filas de los terroristas del Daesh en el campo de Deir Ezzor<\/span><\/p>\n<p>Por otro lado, fuentes civiles reportaron que siete terroristas del Daesh murieron en una disputa entre grupos de terroristas de nacionalidades saud\u00edes y africanas en el poblado de Salhieh, perteneciente al municipio de Abukamal, en la fronera con Irak.<\/p>\n<p>Las fuentes tambi\u00e9n se\u00f1alaron que fueron hallados los cuerpos de dos terroristas de nacionalidad extranjera cerca de la antigua terminal de minibuses del municipio de Mayadeen en el campo este de Deir Ezzor.<\/p>\n<p>Asimismo, el grupo terrorista &#8220;Daesh&#8221; intensific\u00f3 sus puestos de control para impedir la salida de los civiles de las zonas que ocupa con el fin de forzar a los j\u00f3venes a combatir en sus filas para cubrir el d\u00e9ficit en sus filas debido a las p\u00e9rdidas sufridas a manos del Ej\u00e9rcito \u00c1rabe Siria y sus aliados.<\/p>\n<p>Por otro lado, contin\u00faan las deserciones entre las filas del &#8220;Daesh&#8221;, donde el terrorista Majed Suleiman Eid, responsable de la Oficina de Arrepentimiento.<\/p>\n<p><span style=\"color: #0000ff;\">Homs<\/span><\/p>\n<p>Una fuente militar inform\u00f3 que unidades del Ej\u00e9rcito tomaron el control del Monte estrat\u00e9gico al Dahek, que se extiende a una superficie de 8 Km de largo y 5 Km de ancho, al este de la ciudad de al Sukhneh en el campo de Palmira.<\/p>\n<p>&nbsp;<\/p>\n<p><span style=\"color: #0000ff;\">F.M.-Y.K., Akram. S<\/span><\/p>\n","protected":false},"excerpt":{"rendered":"<p>Deir Ezzor, SANA Una unidad del ej\u00e9rcito destruy\u00f3 un taller para la fabricaci\u00f3n de coches-bomba y artefactos explosivos de los terroristas del Daesh cerca de la rotonda Tamwin en la ciudad de Deir Ezzor en el este del pa\u00eds. Seg\u00fan inform\u00f3 una fuente militar, el bombardeo caus\u00f3 la eliminaci\u00f3n del terrorista tunecino Abdullah Tuneci, responsable &hellip;<\/p>\n","protected":false},"author":1,"featured_media":69123,"comment_status":"closed","ping_status":"closed","sticky":false,"template":"","format":"standard","meta":{"footnotes":""},"categories":[597,573,583,7541],"tags":[],"class_list":["post-69122","post","type-post","status-publish","format-standard","has-post-thumbnail","","category-cinta-de-noticias","category-la-realidad-de-los-acontecimientos-en-siria","category-slide","category-ultimas-noticias"],"_links":{"self":[{"href":"https:\/\/archive.sana.sy\/es\/index.php?rest_route=\/wp\/v2\/posts\/69122"}],"collection":[{"href":"https:\/\/archive.sana.sy\/es\/index.php?rest_route=\/wp\/v2\/posts"}],"about":[{"href":"https:\/\/archive.sana.sy\/es\/index.php?rest_route=\/wp\/v2\/types\/post"}],"author":[{"embeddable":true,"href":"https:\/\/archive.sana.sy\/es\/index.php?rest_route=\/wp\/v2\/users\/1"}],"replies":[{"embeddable":true,"href":"https:\/\/archive.sana.sy\/es\/index.php?rest_route=%2Fwp%2Fv2%2Fcomments&post=69122"}],"version-history":[{"count":0,"href":"https:\/\/archive.sana.sy\/es\/index.php?rest_route=\/wp\/v2\/posts\/69122\/revisions"}],"wp:featuredmedia":[{"embeddable":true,"href":"https:\/\/archive.sana.sy\/es\/index.php?rest_route=\/wp\/v2\/media\/69123"}],"wp:attachment":[{"href":"https:\/\/archive.sana.sy\/es\/index.php?rest_route=%2Fwp%2Fv2%2Fmedia&parent=69122"}],"wp:term":[{"taxonomy":"category","embeddable":true,"href":"https:\/\/archive.sana.sy\/es\/index.php?rest_route=%2Fwp%2Fv2%2Fcategories&post=69122"},{"taxonomy":"post_tag","embeddable":true,"href":"https:\/\/archive.sana.sy\/es\/index.php?rest_route=%2Fwp%2Fv2%2Ftags&post=69122"}],"curies":[{"name":"wp","href":"https:\/\/api.w.org\/{rel}","templated":true}]}}