{"id":69129,"date":"2017-08-28T18:21:17","date_gmt":"2017-08-28T15:21:17","guid":{"rendered":"http:\/\/www.sana.sy\/es\/?p=69129"},"modified":"2017-08-28T18:21:17","modified_gmt":"2017-08-28T15:21:17","slug":"daesh-enciende-sus-sedes-y-vehiculos-en-el-qalamoun-antes-de-ser-expulsado","status":"publish","type":"post","link":"https:\/\/archive.sana.sy\/es\/?p=69129","title":{"rendered":"DAESH enciende sus sedes y veh\u00edculos en el Qalamoun antes de ser expulsado"},"content":{"rendered":"<p>Campo de Damasco-SANA<\/p>\n<p>Se han completado todas las preparaciones para evacuar a los terroristas del EIIL junto con sus familias de la zona de Juroud Qara en Qalamoun occidental, en Damasco Campo, hacia la regi\u00f3n oriental de Siria.<\/p>\n<p>Los autobuses que transportar\u00e1n los terroristas de DAESH, ya se encuentran en el paso de al-Sheikh Ali-al-Rumiyat en el Qalamoun occidental, adem\u00e1s de 11 ambulancias pertenecientes a la Media Luna Roja \u00c1rabe Siria.<\/p>\n<p>Entre tanto los terroristas han prendido fuego a sus sedes y veh\u00edculos para ocultar sus enlaces log\u00edsticos y de inteligencia con las partes hostiles al Estado sirio.<\/p>\n<p>Y.K.<\/p>\n","protected":false},"excerpt":{"rendered":"<p>Campo de Damasco-SANA Se han completado todas las preparaciones para evacuar a los terroristas del EIIL junto con sus familias de la zona de Juroud Qara en Qalamoun occidental, en Damasco Campo, hacia la regi\u00f3n oriental de Siria. Los autobuses que transportar\u00e1n los terroristas de DAESH, ya se encuentran en el paso de al-Sheikh Ali-al-Rumiyat &hellip;<\/p>\n","protected":false},"author":1,"featured_media":69130,"comment_status":"closed","ping_status":"closed","sticky":false,"template":"","format":"standard","meta":{"footnotes":""},"categories":[477,476,7541],"tags":[],"class_list":["post-69129","post","type-post","status-publish","format-standard","has-post-thumbnail","","category-noticias-edulcorantes","category-locales","category-ultimas-noticias"],"_links":{"self":[{"href":"https:\/\/archive.sana.sy\/es\/index.php?rest_route=\/wp\/v2\/posts\/69129"}],"collection":[{"href":"https:\/\/archive.sana.sy\/es\/index.php?rest_route=\/wp\/v2\/posts"}],"about":[{"href":"https:\/\/archive.sana.sy\/es\/index.php?rest_route=\/wp\/v2\/types\/post"}],"author":[{"embeddable":true,"href":"https:\/\/archive.sana.sy\/es\/index.php?rest_route=\/wp\/v2\/users\/1"}],"replies":[{"embeddable":true,"href":"https:\/\/archive.sana.sy\/es\/index.php?rest_route=%2Fwp%2Fv2%2Fcomments&post=69129"}],"version-history":[{"count":0,"href":"https:\/\/archive.sana.sy\/es\/index.php?rest_route=\/wp\/v2\/posts\/69129\/revisions"}],"wp:featuredmedia":[{"embeddable":true,"href":"https:\/\/archive.sana.sy\/es\/index.php?rest_route=\/wp\/v2\/media\/69130"}],"wp:attachment":[{"href":"https:\/\/archive.sana.sy\/es\/index.php?rest_route=%2Fwp%2Fv2%2Fmedia&parent=69129"}],"wp:term":[{"taxonomy":"category","embeddable":true,"href":"https:\/\/archive.sana.sy\/es\/index.php?rest_route=%2Fwp%2Fv2%2Fcategories&post=69129"},{"taxonomy":"post_tag","embeddable":true,"href":"https:\/\/archive.sana.sy\/es\/index.php?rest_route=%2Fwp%2Fv2%2Ftags&post=69129"}],"curies":[{"name":"wp","href":"https:\/\/api.w.org\/{rel}","templated":true}]}}