{"id":69155,"date":"2017-08-28T21:52:15","date_gmt":"2017-08-28T18:52:15","guid":{"rendered":"http:\/\/www.sana.sy\/es\/?p=69155"},"modified":"2017-08-28T21:52:15","modified_gmt":"2017-08-28T18:52:15","slug":"nasrulla-lo-sucedido-en-ersal-es-una-rendicion-de-la-organizacion-terrorista-daesh","status":"publish","type":"post","link":"https:\/\/archive.sana.sy\/es\/?p=69155","title":{"rendered":"Nasrulla: lo sucedido en  Ersal es una rendici\u00f3n de la organizaci\u00f3n terrorista Daesh"},"content":{"rendered":"<p><span style=\"color: #800000;\">Damasco- SANA<\/span><\/p>\n<p>El secretario general de Hizbol\u00e1, Hassan Nasrulla, afirm\u00f3 que lo que pas\u00f3 en los secanos de Ersal en el sentido militar y pol\u00edtico es una rendici\u00f3n de la organizaci\u00f3n terrorista Daesh.<\/p>\n<p>Nasrulla dijo en una palabra pronunciada esta tarde \u201cNo lo tenemos pensado un alto el fuego ni nosotros ni el Ej\u00e9rcito sirio, y tomamos el control de colinas y territorios hasta que Daesh se vio arrinconado y ante la batalla decisiva, entones se rindi\u00f3 y fue derrotado, y no tuvo otra opci\u00f3n m\u00e1s que negociar, y all\u00ed expusimos nuestras condiciones\u201d.<\/p>\n<p>Cualquier soluci\u00f3n parcial o integral con la organizaci\u00f3n terrorista Daesh ser\u00eda revelar el paradero de los soldados libaneses, y dejar en libertad a los dos obispos secuestrados, Yohana Ibrahim, y Bolus al Yazayi, y el periodista Samir Kassab, dijo Nasrulla.<\/p>\n<p>El secretario de Hizbola se\u00f1al\u00f3 que el acuerdo incluye evacuar 670 civiles, y 26 heridos, adem\u00e1s de 308 terroristas con sus armas ligeras.<\/p>\n<p>&nbsp;<\/p>\n<p><span style=\"color: #0000ff;\">Akram. S<\/span><\/p>\n","protected":false},"excerpt":{"rendered":"<p>Damasco- SANA El secretario general de Hizbol\u00e1, Hassan Nasrulla, afirm\u00f3 que lo que pas\u00f3 en los secanos de Ersal en el sentido militar y pol\u00edtico es una rendici\u00f3n de la organizaci\u00f3n terrorista Daesh. Nasrulla dijo en una palabra pronunciada esta tarde \u201cNo lo tenemos pensado un alto el fuego ni nosotros ni el Ej\u00e9rcito sirio, &hellip;<\/p>\n","protected":false},"author":1,"featured_media":69157,"comment_status":"closed","ping_status":"closed","sticky":false,"template":"","format":"standard","meta":{"footnotes":""},"categories":[597,467,7541,1],"tags":[],"class_list":["post-69155","post","type-post","status-publish","format-standard","has-post-thumbnail","","category-cinta-de-noticias","category-siria-y-el-mundo","category-ultimas-noticias","category-news-not-sorted"],"_links":{"self":[{"href":"https:\/\/archive.sana.sy\/es\/index.php?rest_route=\/wp\/v2\/posts\/69155"}],"collection":[{"href":"https:\/\/archive.sana.sy\/es\/index.php?rest_route=\/wp\/v2\/posts"}],"about":[{"href":"https:\/\/archive.sana.sy\/es\/index.php?rest_route=\/wp\/v2\/types\/post"}],"author":[{"embeddable":true,"href":"https:\/\/archive.sana.sy\/es\/index.php?rest_route=\/wp\/v2\/users\/1"}],"replies":[{"embeddable":true,"href":"https:\/\/archive.sana.sy\/es\/index.php?rest_route=%2Fwp%2Fv2%2Fcomments&post=69155"}],"version-history":[{"count":0,"href":"https:\/\/archive.sana.sy\/es\/index.php?rest_route=\/wp\/v2\/posts\/69155\/revisions"}],"wp:featuredmedia":[{"embeddable":true,"href":"https:\/\/archive.sana.sy\/es\/index.php?rest_route=\/wp\/v2\/media\/69157"}],"wp:attachment":[{"href":"https:\/\/archive.sana.sy\/es\/index.php?rest_route=%2Fwp%2Fv2%2Fmedia&parent=69155"}],"wp:term":[{"taxonomy":"category","embeddable":true,"href":"https:\/\/archive.sana.sy\/es\/index.php?rest_route=%2Fwp%2Fv2%2Fcategories&post=69155"},{"taxonomy":"post_tag","embeddable":true,"href":"https:\/\/archive.sana.sy\/es\/index.php?rest_route=%2Fwp%2Fv2%2Ftags&post=69155"}],"curies":[{"name":"wp","href":"https:\/\/api.w.org\/{rel}","templated":true}]}}