{"id":69160,"date":"2017-08-28T22:15:22","date_gmt":"2017-08-28T19:15:22","guid":{"rendered":"http:\/\/www.sana.sy\/es\/?p=69160"},"modified":"2017-08-28T22:15:22","modified_gmt":"2017-08-28T19:15:22","slug":"el-ejercito-sirio-y-la-resistencia-acaban-con-la-presencia-de-los-terroristas-de-daesh-en-qalamoun-occidental","status":"publish","type":"post","link":"https:\/\/archive.sana.sy\/es\/?p=69160","title":{"rendered":"El Ej\u00e9rcito sirio y la Resistencia acaban con la presencia de los terroristas de Daesh en Qalamoun occidental"},"content":{"rendered":"<p>&nbsp;<\/p>\n<p><span style=\"color: #800000;\">Damasco Campo-SANA<\/span><\/p>\n<p>Cientos de terroristas de Daesh fueron trasladados con sus familiares de la zona de los secanos de Qara en Qalamon occidental en Damasco Campo hacia la zona oriental.<\/p>\n<p>Los autobuses que llevan a los terroristas de Daesh con sus familiares salieron de los secanos de Qara hacia Albukamal en el campo de Deir Ezzor.<\/p>\n<p>Con este paso, el Ej\u00e9rcito sirio en colaboraci\u00f3n con la Resistencia acab\u00f3 con la presencia de los terroristas de Daesh en Qalamoun occidental.<\/p>\n<p>&nbsp;<\/p>\n<p><span style=\"color: #0000ff;\">Akram. S<\/span><\/p>\n","protected":false},"excerpt":{"rendered":"<p>&nbsp; Damasco Campo-SANA Cientos de terroristas de Daesh fueron trasladados con sus familiares de la zona de los secanos de Qara en Qalamon occidental en Damasco Campo hacia la zona oriental. Los autobuses que llevan a los terroristas de Daesh con sus familiares salieron de los secanos de Qara hacia Albukamal en el campo de &hellip;<\/p>\n","protected":false},"author":1,"featured_media":69161,"comment_status":"closed","ping_status":"closed","sticky":false,"template":"","format":"standard","meta":{"footnotes":""},"categories":[597,573,583,7541],"tags":[],"class_list":["post-69160","post","type-post","status-publish","format-standard","has-post-thumbnail","","category-cinta-de-noticias","category-la-realidad-de-los-acontecimientos-en-siria","category-slide","category-ultimas-noticias"],"_links":{"self":[{"href":"https:\/\/archive.sana.sy\/es\/index.php?rest_route=\/wp\/v2\/posts\/69160"}],"collection":[{"href":"https:\/\/archive.sana.sy\/es\/index.php?rest_route=\/wp\/v2\/posts"}],"about":[{"href":"https:\/\/archive.sana.sy\/es\/index.php?rest_route=\/wp\/v2\/types\/post"}],"author":[{"embeddable":true,"href":"https:\/\/archive.sana.sy\/es\/index.php?rest_route=\/wp\/v2\/users\/1"}],"replies":[{"embeddable":true,"href":"https:\/\/archive.sana.sy\/es\/index.php?rest_route=%2Fwp%2Fv2%2Fcomments&post=69160"}],"version-history":[{"count":0,"href":"https:\/\/archive.sana.sy\/es\/index.php?rest_route=\/wp\/v2\/posts\/69160\/revisions"}],"wp:featuredmedia":[{"embeddable":true,"href":"https:\/\/archive.sana.sy\/es\/index.php?rest_route=\/wp\/v2\/media\/69161"}],"wp:attachment":[{"href":"https:\/\/archive.sana.sy\/es\/index.php?rest_route=%2Fwp%2Fv2%2Fmedia&parent=69160"}],"wp:term":[{"taxonomy":"category","embeddable":true,"href":"https:\/\/archive.sana.sy\/es\/index.php?rest_route=%2Fwp%2Fv2%2Fcategories&post=69160"},{"taxonomy":"post_tag","embeddable":true,"href":"https:\/\/archive.sana.sy\/es\/index.php?rest_route=%2Fwp%2Fv2%2Ftags&post=69160"}],"curies":[{"name":"wp","href":"https:\/\/api.w.org\/{rel}","templated":true}]}}