{"id":69165,"date":"2017-08-28T22:38:48","date_gmt":"2017-08-28T19:38:48","guid":{"rendered":"http:\/\/www.sana.sy\/es\/?p=69165"},"modified":"2017-08-28T22:38:48","modified_gmt":"2017-08-28T19:38:48","slug":"el-presidente-bielorruso-propone-elaborar-un-programa-de-ensenanza-y-diversion-para-los-ninos-sirios-en-su-pais","status":"publish","type":"post","link":"https:\/\/archive.sana.sy\/es\/?p=69165","title":{"rendered":"El presidente bielorruso propone elaborar un programa de ense\u00f1anza y diversi\u00f3n para los ni\u00f1os sirios en su pa\u00eds"},"content":{"rendered":"<p>&nbsp;<\/p>\n<p><span style=\"color: #800000;\">Minsk- SANA<\/span><\/p>\n<p>E presidente bielorruso, Aleksander Lukashenko, propuso durante su encuentro en Minsk con la ministra de Asuntos Sociales y Trabajo, Rima Qadei, elaborar un programa de diversi\u00f3n, ense\u00f1anza, y de tratamiento para apoyar a los ni\u00f1os sirios en Bielorrusia.<\/p>\n<p>\u201cPropongo pensar en un programa para el pr\u00f3ximo a\u00f1o para apoyar a los ni\u00f1os siros en Bielorrusia y podr\u00edamos recibir cien, o 500 ni\u00f1os, o hasta 1000 ni\u00f1os.<\/p>\n<p>Lukashenko se\u00f1al\u00f3 que Bielorrusia fue el pa\u00eds que m\u00e1s sufri\u00f3 por los flagelos de la segunda guerra mundial, y que se part\u00eda de puros criterios humanitarios para ayudar a los dem\u00e1s, y a\u00f1adi\u00f3 que lo m\u00e1s importante hoy en d\u00eda es hablar del futuro de los ni\u00f1os.<\/p>\n<p>Por su parte, Qaderi manifest\u00f3 su disposici\u00f3n para continuar las preparaciones del programa propuesto, se\u00f1alando que es consciente de la importancia dada por Bielorrusia al sector social, y que Siria est\u00e1 dispuesta a aprender de las experiencias bielorrusas en este \u00e1mbito, incluidos los programas de diversi\u00f3n de ni\u00f1os.<\/p>\n<p>&nbsp;<\/p>\n<p><span style=\"color: #0000ff;\">Akram. S<\/span><\/p>\n","protected":false},"excerpt":{"rendered":"<p>&nbsp; Minsk- SANA E presidente bielorruso, Aleksander Lukashenko, propuso durante su encuentro en Minsk con la ministra de Asuntos Sociales y Trabajo, Rima Qadei, elaborar un programa de diversi\u00f3n, ense\u00f1anza, y de tratamiento para apoyar a los ni\u00f1os sirios en Bielorrusia. \u201cPropongo pensar en un programa para el pr\u00f3ximo a\u00f1o para apoyar a los ni\u00f1os &hellip;<\/p>\n","protected":false},"author":1,"featured_media":69166,"comment_status":"closed","ping_status":"closed","sticky":false,"template":"","format":"standard","meta":{"footnotes":""},"categories":[597,467,7541],"tags":[],"class_list":["post-69165","post","type-post","status-publish","format-standard","has-post-thumbnail","","category-cinta-de-noticias","category-siria-y-el-mundo","category-ultimas-noticias"],"_links":{"self":[{"href":"https:\/\/archive.sana.sy\/es\/index.php?rest_route=\/wp\/v2\/posts\/69165"}],"collection":[{"href":"https:\/\/archive.sana.sy\/es\/index.php?rest_route=\/wp\/v2\/posts"}],"about":[{"href":"https:\/\/archive.sana.sy\/es\/index.php?rest_route=\/wp\/v2\/types\/post"}],"author":[{"embeddable":true,"href":"https:\/\/archive.sana.sy\/es\/index.php?rest_route=\/wp\/v2\/users\/1"}],"replies":[{"embeddable":true,"href":"https:\/\/archive.sana.sy\/es\/index.php?rest_route=%2Fwp%2Fv2%2Fcomments&post=69165"}],"version-history":[{"count":0,"href":"https:\/\/archive.sana.sy\/es\/index.php?rest_route=\/wp\/v2\/posts\/69165\/revisions"}],"wp:featuredmedia":[{"embeddable":true,"href":"https:\/\/archive.sana.sy\/es\/index.php?rest_route=\/wp\/v2\/media\/69166"}],"wp:attachment":[{"href":"https:\/\/archive.sana.sy\/es\/index.php?rest_route=%2Fwp%2Fv2%2Fmedia&parent=69165"}],"wp:term":[{"taxonomy":"category","embeddable":true,"href":"https:\/\/archive.sana.sy\/es\/index.php?rest_route=%2Fwp%2Fv2%2Fcategories&post=69165"},{"taxonomy":"post_tag","embeddable":true,"href":"https:\/\/archive.sana.sy\/es\/index.php?rest_route=%2Fwp%2Fv2%2Ftags&post=69165"}],"curies":[{"name":"wp","href":"https:\/\/api.w.org\/{rel}","templated":true}]}}