{"id":69175,"date":"2017-08-29T15:56:36","date_gmt":"2017-08-29T12:56:36","guid":{"rendered":"http:\/\/www.sana.sy\/es\/?p=69175"},"modified":"2017-08-29T15:57:21","modified_gmt":"2017-08-29T12:57:21","slug":"en-irak-el-ejercito-libera-una-operacion-para-despejar-el-desierto-de-anbar","status":"publish","type":"post","link":"https:\/\/archive.sana.sy\/es\/?p=69175","title":{"rendered":"En Irak, el ej\u00e9rcito libera una operaci\u00f3n para despejar el desierto de Anbar"},"content":{"rendered":"<p><span style=\"color: #800000\">Bagdad, SANA<\/span>&#8211; Las tropas iraqu\u00edes han liberado este martes una operaci\u00f3n a gran escala para perseguir a terroristas del grupo terrorista el (Estado Isl\u00e1mico) en el desierto, situado al oeste de la provincia de Anbar.<\/p>\n<p>Seg\u00fan el portal informativo iraqu\u00ed As-Sommaria News, el comandante de operaciones, general Mahmoud Al-Fellahi, dijo: &#8220;las unidades del ej\u00e9rcito comenzaron a despejar el territorio del desierto para liberarlo completamente de los terroristas y destruir sus escondites&#8221;.<\/p>\n<p>Agreg\u00f3 que operaci\u00f3n se inici\u00f3 desde la zona de 160 kil\u00f3metros al oeste de la ciudad de Ramadi hacia el norte hasta llegar al distrito de al-Aatba y Wadi Horan.<\/p>\n<p>&nbsp;<\/p>\n<p>&nbsp;<\/p>\n<p>M\/Miri<\/p>\n","protected":false},"excerpt":{"rendered":"<p>Bagdad, SANA&#8211; Las tropas iraqu\u00edes han liberado este martes una operaci\u00f3n a gran escala para perseguir a terroristas del grupo terrorista el (Estado Isl\u00e1mico) en el desierto, situado al oeste de la provincia de Anbar. Seg\u00fan el portal informativo iraqu\u00ed As-Sommaria News, el comandante de operaciones, general Mahmoud Al-Fellahi, dijo: &#8220;las unidades del ej\u00e9rcito comenzaron &hellip;<\/p>\n","protected":false},"author":1,"featured_media":69176,"comment_status":"closed","ping_status":"closed","sticky":false,"template":"","format":"standard","meta":{"footnotes":""},"categories":[597,456,457,7541],"tags":[5835],"class_list":["post-69175","post","type-post","status-publish","format-standard","has-post-thumbnail","","category-cinta-de-noticias","category-arabe-internacional-politica","category-noticias-arabe-internacional-politica","category-ultimas-noticias","tag-iraq"],"_links":{"self":[{"href":"https:\/\/archive.sana.sy\/es\/index.php?rest_route=\/wp\/v2\/posts\/69175"}],"collection":[{"href":"https:\/\/archive.sana.sy\/es\/index.php?rest_route=\/wp\/v2\/posts"}],"about":[{"href":"https:\/\/archive.sana.sy\/es\/index.php?rest_route=\/wp\/v2\/types\/post"}],"author":[{"embeddable":true,"href":"https:\/\/archive.sana.sy\/es\/index.php?rest_route=\/wp\/v2\/users\/1"}],"replies":[{"embeddable":true,"href":"https:\/\/archive.sana.sy\/es\/index.php?rest_route=%2Fwp%2Fv2%2Fcomments&post=69175"}],"version-history":[{"count":0,"href":"https:\/\/archive.sana.sy\/es\/index.php?rest_route=\/wp\/v2\/posts\/69175\/revisions"}],"wp:featuredmedia":[{"embeddable":true,"href":"https:\/\/archive.sana.sy\/es\/index.php?rest_route=\/wp\/v2\/media\/69176"}],"wp:attachment":[{"href":"https:\/\/archive.sana.sy\/es\/index.php?rest_route=%2Fwp%2Fv2%2Fmedia&parent=69175"}],"wp:term":[{"taxonomy":"category","embeddable":true,"href":"https:\/\/archive.sana.sy\/es\/index.php?rest_route=%2Fwp%2Fv2%2Fcategories&post=69175"},{"taxonomy":"post_tag","embeddable":true,"href":"https:\/\/archive.sana.sy\/es\/index.php?rest_route=%2Fwp%2Fv2%2Ftags&post=69175"}],"curies":[{"name":"wp","href":"https:\/\/api.w.org\/{rel}","templated":true}]}}