{"id":69188,"date":"2017-08-29T17:35:22","date_gmt":"2017-08-29T14:35:22","guid":{"rendered":"http:\/\/www.sana.sy\/es\/?p=69188"},"modified":"2017-08-29T17:35:22","modified_gmt":"2017-08-29T14:35:22","slug":"24-aldeas-y-localidades-se-unen-al-acuerdo-de-cese-de-hostilidades-en-el-campo-de-homs","status":"publish","type":"post","link":"https:\/\/archive.sana.sy\/es\/?p=69188","title":{"rendered":"24 aldeas y localidades se unen al acuerdo de cese de hostilidades en el campo de Homs"},"content":{"rendered":"<p><span style=\"color: #800000\">Homs, SANA<\/span>&#8211; nuevas 24 localidades y pueblos, localizadas en el campo este y oeste de la Gobernaci\u00f3n de Homs, se han agregado este martes al acuerdo sobre el cese de hostilidades, a trav\u00e9s de una reuni\u00f3n celebrada en el edificio del Ayuntamiento de la urbe, en presencia de un n\u00famero de figuras y representantes de dichas localidades y aldeas y en cooperaci\u00f3n con el Centro de Coordinaci\u00f3n de Rusia en Humaimam.<\/p>\n<p>Mohamed Affouf, miembro de la Oficina Ejecutiva de la provincia de Homs, se\u00f1al\u00f3 que estas conciliaciones reflejan la fuerza y la voluntad de los sirios, elogiando a su vez los esfuerzos empleados por el Centro de Coordinaci\u00f3n de Rusia en el marco de las reconciliaciones locales.<\/p>\n<p>Por su parte, el representante del Centro de Coordinaci\u00f3n de Rusia en la regi\u00f3n central, el coronel, Yevgeny Karev, aclar\u00f3 que esta reconciliaci\u00f3n viene como parte de los esfuerzos de Rusia en coordinaci\u00f3n con el gobierno sirio para expandir la reconciliaci\u00f3n nacional y restablecer la seguridad y la estabilidad en m\u00e1s pueblos y ciudades en diversas provincias.<\/p>\n<p>&nbsp;<\/p>\n<p>&nbsp;<\/p>\n<p>M\/Miri<\/p>\n","protected":false},"excerpt":{"rendered":"<p>Homs, SANA&#8211; nuevas 24 localidades y pueblos, localizadas en el campo este y oeste de la Gobernaci\u00f3n de Homs, se han agregado este martes al acuerdo sobre el cese de hostilidades, a trav\u00e9s de una reuni\u00f3n celebrada en el edificio del Ayuntamiento de la urbe, en presencia de un n\u00famero de figuras y representantes de &hellip;<\/p>\n","protected":false},"author":1,"featured_media":69189,"comment_status":"closed","ping_status":"closed","sticky":false,"template":"","format":"standard","meta":{"footnotes":""},"categories":[477,597,476,583,7541],"tags":[10696],"class_list":["post-69188","post","type-post","status-publish","format-standard","has-post-thumbnail","","category-noticias-edulcorantes","category-cinta-de-noticias","category-locales","category-slide","category-ultimas-noticias","tag-cese-de-hostilidades"],"_links":{"self":[{"href":"https:\/\/archive.sana.sy\/es\/index.php?rest_route=\/wp\/v2\/posts\/69188"}],"collection":[{"href":"https:\/\/archive.sana.sy\/es\/index.php?rest_route=\/wp\/v2\/posts"}],"about":[{"href":"https:\/\/archive.sana.sy\/es\/index.php?rest_route=\/wp\/v2\/types\/post"}],"author":[{"embeddable":true,"href":"https:\/\/archive.sana.sy\/es\/index.php?rest_route=\/wp\/v2\/users\/1"}],"replies":[{"embeddable":true,"href":"https:\/\/archive.sana.sy\/es\/index.php?rest_route=%2Fwp%2Fv2%2Fcomments&post=69188"}],"version-history":[{"count":0,"href":"https:\/\/archive.sana.sy\/es\/index.php?rest_route=\/wp\/v2\/posts\/69188\/revisions"}],"wp:featuredmedia":[{"embeddable":true,"href":"https:\/\/archive.sana.sy\/es\/index.php?rest_route=\/wp\/v2\/media\/69189"}],"wp:attachment":[{"href":"https:\/\/archive.sana.sy\/es\/index.php?rest_route=%2Fwp%2Fv2%2Fmedia&parent=69188"}],"wp:term":[{"taxonomy":"category","embeddable":true,"href":"https:\/\/archive.sana.sy\/es\/index.php?rest_route=%2Fwp%2Fv2%2Fcategories&post=69188"},{"taxonomy":"post_tag","embeddable":true,"href":"https:\/\/archive.sana.sy\/es\/index.php?rest_route=%2Fwp%2Fv2%2Ftags&post=69188"}],"curies":[{"name":"wp","href":"https:\/\/api.w.org\/{rel}","templated":true}]}}