{"id":69195,"date":"2017-08-29T18:10:30","date_gmt":"2017-08-29T15:10:30","guid":{"rendered":"http:\/\/www.sana.sy\/es\/?p=69195"},"modified":"2017-08-29T18:10:30","modified_gmt":"2017-08-29T15:10:30","slug":"macron-nuevo-grupo-de-contacto-de-siria-se-reunira-en-la-onu-el-proximo-mes","status":"publish","type":"post","link":"https:\/\/archive.sana.sy\/es\/?p=69195","title":{"rendered":"Macron: Nuevo grupo de contacto de Siria se reunir\u00e1 en la ONU el pr\u00f3ximo mes"},"content":{"rendered":"<p><span style=\"color: #800000\">Par\u00eds, SANA<\/span> &#8211; El presidente franc\u00e9s, Emmanuel Macron, subray\u00f3 que la lucha contra el terrorismo es la prioridad de la pol\u00edtica exterior de Francia.<\/p>\n<p>Macron dijo en un discurso ante la reuni\u00f3n anual de embajadores franceses, celebrada este martes, que un nuevo grupo de contacto sobre Siria se reunir\u00e1 en las Naciones Unidas en Nueva York en el pr\u00f3ximo septiembre, con la participaci\u00f3n de &#8220;actores principales&#8221; en la crisis siria, sin dar m\u00e1s detalles.<\/p>\n<p>&nbsp;<\/p>\n<p>M\/Miri<\/p>\n","protected":false},"excerpt":{"rendered":"<p>Par\u00eds, SANA &#8211; El presidente franc\u00e9s, Emmanuel Macron, subray\u00f3 que la lucha contra el terrorismo es la prioridad de la pol\u00edtica exterior de Francia. Macron dijo en un discurso ante la reuni\u00f3n anual de embajadores franceses, celebrada este martes, que un nuevo grupo de contacto sobre Siria se reunir\u00e1 en las Naciones Unidas en Nueva &hellip;<\/p>\n","protected":false},"author":1,"featured_media":69196,"comment_status":"closed","ping_status":"closed","sticky":false,"template":"","format":"standard","meta":{"footnotes":""},"categories":[467],"tags":[10576],"class_list":["post-69195","post","type-post","status-publish","format-standard","has-post-thumbnail","","category-siria-y-el-mundo","tag-emmanuel-macron"],"_links":{"self":[{"href":"https:\/\/archive.sana.sy\/es\/index.php?rest_route=\/wp\/v2\/posts\/69195"}],"collection":[{"href":"https:\/\/archive.sana.sy\/es\/index.php?rest_route=\/wp\/v2\/posts"}],"about":[{"href":"https:\/\/archive.sana.sy\/es\/index.php?rest_route=\/wp\/v2\/types\/post"}],"author":[{"embeddable":true,"href":"https:\/\/archive.sana.sy\/es\/index.php?rest_route=\/wp\/v2\/users\/1"}],"replies":[{"embeddable":true,"href":"https:\/\/archive.sana.sy\/es\/index.php?rest_route=%2Fwp%2Fv2%2Fcomments&post=69195"}],"version-history":[{"count":0,"href":"https:\/\/archive.sana.sy\/es\/index.php?rest_route=\/wp\/v2\/posts\/69195\/revisions"}],"wp:featuredmedia":[{"embeddable":true,"href":"https:\/\/archive.sana.sy\/es\/index.php?rest_route=\/wp\/v2\/media\/69196"}],"wp:attachment":[{"href":"https:\/\/archive.sana.sy\/es\/index.php?rest_route=%2Fwp%2Fv2%2Fmedia&parent=69195"}],"wp:term":[{"taxonomy":"category","embeddable":true,"href":"https:\/\/archive.sana.sy\/es\/index.php?rest_route=%2Fwp%2Fv2%2Fcategories&post=69195"},{"taxonomy":"post_tag","embeddable":true,"href":"https:\/\/archive.sana.sy\/es\/index.php?rest_route=%2Fwp%2Fv2%2Ftags&post=69195"}],"curies":[{"name":"wp","href":"https:\/\/api.w.org\/{rel}","templated":true}]}}