{"id":69198,"date":"2017-08-29T18:26:45","date_gmt":"2017-08-29T15:26:45","guid":{"rendered":"http:\/\/www.sana.sy\/es\/?p=69198"},"modified":"2017-08-29T18:26:45","modified_gmt":"2017-08-29T15:26:45","slug":"shoukry-subraya-la-necesidad-de-preservar-unidad-e-integridad-territorial-de-siria","status":"publish","type":"post","link":"https:\/\/archive.sana.sy\/es\/?p=69198","title":{"rendered":"Shoukry subraya la necesidad de preservar unidad e integridad territorial de Siria"},"content":{"rendered":"<p><span style=\"color: #800000\">Bucarest, SANA<\/span>&#8211; El ministro de Asuntos Exteriores egipcio, Sameh Shoukry, destac\u00f3 la necesidad de encontrar una soluci\u00f3n a la crisis en Siria a trav\u00e9s del di\u00e1logo y de mantener las instituciones y la integridad del territorio sirio.<\/p>\n<p>En un discurso emitido en la reuni\u00f3n anual de los embajadores de Ruman\u00eda en el extranjero celebrada en Bucarest, Shoukry afirm\u00f3 que la pol\u00edtica exterior egipcia refleja esta visi\u00f3n, que parte de unos varios principios encabezados por la b\u00fasqueda de la paz, el desarrollo, la cooperaci\u00f3n internacional, el respeto de la independencia de los pueblos y las naciones y no injerencia en los asuntos internos de otros pa\u00edses.<\/p>\n<p>Anteriormente, Shoukry se confirm\u00f3 en declaraciones a la prensa en Minsk, capital de Bielorrusia, el apoyo ayer de su pa\u00eds al di\u00e1logo inter-sirio en Ginebra para resolver la crisis en Siria, haciendo hincapi\u00e9 en la importancia de preservar la unidad e integridad territorial de Siria y preservar sus instituciones.<\/p>\n<p>&nbsp;<\/p>\n<p>&nbsp;<\/p>\n<p>M\/Miri<\/p>\n","protected":false},"excerpt":{"rendered":"<p>Bucarest, SANA&#8211; El ministro de Asuntos Exteriores egipcio, Sameh Shoukry, destac\u00f3 la necesidad de encontrar una soluci\u00f3n a la crisis en Siria a trav\u00e9s del di\u00e1logo y de mantener las instituciones y la integridad del territorio sirio. En un discurso emitido en la reuni\u00f3n anual de los embajadores de Ruman\u00eda en el extranjero celebrada en &hellip;<\/p>\n","protected":false},"author":1,"featured_media":69199,"comment_status":"closed","ping_status":"closed","sticky":false,"template":"","format":"standard","meta":{"footnotes":""},"categories":[456,457],"tags":[10698,10699],"class_list":["post-69198","post","type-post","status-publish","format-standard","has-post-thumbnail","","category-arabe-internacional-politica","category-noticias-arabe-internacional-politica","tag-el-ministro-de-asuntos-exteriores-egipcio","tag-sameh-shoukry"],"_links":{"self":[{"href":"https:\/\/archive.sana.sy\/es\/index.php?rest_route=\/wp\/v2\/posts\/69198"}],"collection":[{"href":"https:\/\/archive.sana.sy\/es\/index.php?rest_route=\/wp\/v2\/posts"}],"about":[{"href":"https:\/\/archive.sana.sy\/es\/index.php?rest_route=\/wp\/v2\/types\/post"}],"author":[{"embeddable":true,"href":"https:\/\/archive.sana.sy\/es\/index.php?rest_route=\/wp\/v2\/users\/1"}],"replies":[{"embeddable":true,"href":"https:\/\/archive.sana.sy\/es\/index.php?rest_route=%2Fwp%2Fv2%2Fcomments&post=69198"}],"version-history":[{"count":0,"href":"https:\/\/archive.sana.sy\/es\/index.php?rest_route=\/wp\/v2\/posts\/69198\/revisions"}],"wp:featuredmedia":[{"embeddable":true,"href":"https:\/\/archive.sana.sy\/es\/index.php?rest_route=\/wp\/v2\/media\/69199"}],"wp:attachment":[{"href":"https:\/\/archive.sana.sy\/es\/index.php?rest_route=%2Fwp%2Fv2%2Fmedia&parent=69198"}],"wp:term":[{"taxonomy":"category","embeddable":true,"href":"https:\/\/archive.sana.sy\/es\/index.php?rest_route=%2Fwp%2Fv2%2Fcategories&post=69198"},{"taxonomy":"post_tag","embeddable":true,"href":"https:\/\/archive.sana.sy\/es\/index.php?rest_route=%2Fwp%2Fv2%2Ftags&post=69198"}],"curies":[{"name":"wp","href":"https:\/\/api.w.org\/{rel}","templated":true}]}}