{"id":69264,"date":"2017-08-31T19:07:55","date_gmt":"2017-08-31T16:07:55","guid":{"rendered":"http:\/\/www.sana.sy\/es\/?p=69264"},"modified":"2017-08-31T19:07:55","modified_gmt":"2017-08-31T16:07:55","slug":"lavrov-y-zarif-examinan-crisis-de-siria","status":"publish","type":"post","link":"https:\/\/archive.sana.sy\/es\/?p=69264","title":{"rendered":"Lavrov y Zarif examinan crisis de Siria"},"content":{"rendered":"<p>Mosc\u00fa-SANA<\/p>\n<p>El canciller ruso Serguei Lavrov examin\u00f3 durante una conversaci\u00f3n telef\u00f3nica, con su hom\u00f3logo iran\u00ed Mohamad Yavad Zarif solucionar la crisis de Siria en el marco del proceso de Astan\u00e1.<\/p>\n<p>Seg\u00fan un comunicado de la canciller\u00eda rusa, ambos diplom\u00e1ticos intercambiaron puntos de vista sobre una serie de cuestiones importantes inscritas en la agenda de trabajo bilateral y regional.<\/p>\n<p>Y.K.<\/p>\n","protected":false},"excerpt":{"rendered":"<p>Mosc\u00fa-SANA El canciller ruso Serguei Lavrov examin\u00f3 durante una conversaci\u00f3n telef\u00f3nica, con su hom\u00f3logo iran\u00ed Mohamad Yavad Zarif solucionar la crisis de Siria en el marco del proceso de Astan\u00e1. Seg\u00fan un comunicado de la canciller\u00eda rusa, ambos diplom\u00e1ticos intercambiaron puntos de vista sobre una serie de cuestiones importantes inscritas en la agenda de trabajo &hellip;<\/p>\n","protected":false},"author":1,"featured_media":69266,"comment_status":"closed","ping_status":"closed","sticky":false,"template":"","format":"standard","meta":{"footnotes":""},"categories":[467,7541],"tags":[],"class_list":["post-69264","post","type-post","status-publish","format-standard","has-post-thumbnail","","category-siria-y-el-mundo","category-ultimas-noticias"],"_links":{"self":[{"href":"https:\/\/archive.sana.sy\/es\/index.php?rest_route=\/wp\/v2\/posts\/69264"}],"collection":[{"href":"https:\/\/archive.sana.sy\/es\/index.php?rest_route=\/wp\/v2\/posts"}],"about":[{"href":"https:\/\/archive.sana.sy\/es\/index.php?rest_route=\/wp\/v2\/types\/post"}],"author":[{"embeddable":true,"href":"https:\/\/archive.sana.sy\/es\/index.php?rest_route=\/wp\/v2\/users\/1"}],"replies":[{"embeddable":true,"href":"https:\/\/archive.sana.sy\/es\/index.php?rest_route=%2Fwp%2Fv2%2Fcomments&post=69264"}],"version-history":[{"count":0,"href":"https:\/\/archive.sana.sy\/es\/index.php?rest_route=\/wp\/v2\/posts\/69264\/revisions"}],"wp:featuredmedia":[{"embeddable":true,"href":"https:\/\/archive.sana.sy\/es\/index.php?rest_route=\/wp\/v2\/media\/69266"}],"wp:attachment":[{"href":"https:\/\/archive.sana.sy\/es\/index.php?rest_route=%2Fwp%2Fv2%2Fmedia&parent=69264"}],"wp:term":[{"taxonomy":"category","embeddable":true,"href":"https:\/\/archive.sana.sy\/es\/index.php?rest_route=%2Fwp%2Fv2%2Fcategories&post=69264"},{"taxonomy":"post_tag","embeddable":true,"href":"https:\/\/archive.sana.sy\/es\/index.php?rest_route=%2Fwp%2Fv2%2Ftags&post=69264"}],"curies":[{"name":"wp","href":"https:\/\/api.w.org\/{rel}","templated":true}]}}