{"id":69272,"date":"2017-08-31T20:35:04","date_gmt":"2017-08-31T17:35:04","guid":{"rendered":"http:\/\/www.sana.sy\/es\/?p=69272"},"modified":"2017-08-31T20:35:04","modified_gmt":"2017-08-31T17:35:04","slug":"presidente-al-assad-recibe-cables-de-felicitacion-por-el-eid-al-adha-2","status":"publish","type":"post","link":"https:\/\/archive.sana.sy\/es\/?p=69272","title":{"rendered":"Presidente Al-Assad recibe cables de felicitaci\u00f3n por el Eid al-Adha"},"content":{"rendered":"<p>Damasco-SANA<\/p>\n<p>El presidente Bashar Al-Assad, recibi\u00f3 un cable del primer juez legislativo en Damasco, Mahmoud Almarawi, el cual confirm\u00f3 que el primer d\u00eda de Eid al-Adha (fiesta musulmana del sacrificio) es el viernes, 1 de septiembre del 2017.<\/p>\n<p>Su excelencia recibi\u00f3 tambi\u00e9n en esta ocasi\u00f3n, telegramas de felicitaci\u00f3n del Ministro de Justicia Hisham Shaar, del ministro de Awqaf, Dr. Mohammed Abdul Sattar y del Gran Muft\u00ed de la Rep\u00fablica, Ahmad Badr al-Din Hassoun.<\/p>\n<p>Y.K.<\/p>\n","protected":false},"excerpt":{"rendered":"<p>Damasco-SANA El presidente Bashar Al-Assad, recibi\u00f3 un cable del primer juez legislativo en Damasco, Mahmoud Almarawi, el cual confirm\u00f3 que el primer d\u00eda de Eid al-Adha (fiesta musulmana del sacrificio) es el viernes, 1 de septiembre del 2017. Su excelencia recibi\u00f3 tambi\u00e9n en esta ocasi\u00f3n, telegramas de felicitaci\u00f3n del Ministro de Justicia Hisham Shaar, del &hellip;<\/p>\n","protected":false},"author":1,"featured_media":69274,"comment_status":"closed","ping_status":"closed","sticky":false,"template":"","format":"standard","meta":{"footnotes":""},"categories":[583,626],"tags":[],"class_list":["post-69272","post","type-post","status-publish","format-standard","has-post-thumbnail","","category-slide","category-sr-presidente"],"_links":{"self":[{"href":"https:\/\/archive.sana.sy\/es\/index.php?rest_route=\/wp\/v2\/posts\/69272"}],"collection":[{"href":"https:\/\/archive.sana.sy\/es\/index.php?rest_route=\/wp\/v2\/posts"}],"about":[{"href":"https:\/\/archive.sana.sy\/es\/index.php?rest_route=\/wp\/v2\/types\/post"}],"author":[{"embeddable":true,"href":"https:\/\/archive.sana.sy\/es\/index.php?rest_route=\/wp\/v2\/users\/1"}],"replies":[{"embeddable":true,"href":"https:\/\/archive.sana.sy\/es\/index.php?rest_route=%2Fwp%2Fv2%2Fcomments&post=69272"}],"version-history":[{"count":0,"href":"https:\/\/archive.sana.sy\/es\/index.php?rest_route=\/wp\/v2\/posts\/69272\/revisions"}],"wp:featuredmedia":[{"embeddable":true,"href":"https:\/\/archive.sana.sy\/es\/index.php?rest_route=\/wp\/v2\/media\/69274"}],"wp:attachment":[{"href":"https:\/\/archive.sana.sy\/es\/index.php?rest_route=%2Fwp%2Fv2%2Fmedia&parent=69272"}],"wp:term":[{"taxonomy":"category","embeddable":true,"href":"https:\/\/archive.sana.sy\/es\/index.php?rest_route=%2Fwp%2Fv2%2Fcategories&post=69272"},{"taxonomy":"post_tag","embeddable":true,"href":"https:\/\/archive.sana.sy\/es\/index.php?rest_route=%2Fwp%2Fv2%2Ftags&post=69272"}],"curies":[{"name":"wp","href":"https:\/\/api.w.org\/{rel}","templated":true}]}}