{"id":69422,"date":"2017-09-04T18:46:32","date_gmt":"2017-09-04T15:46:32","guid":{"rendered":"http:\/\/www.sana.sy\/es\/?p=69422"},"modified":"2017-09-04T18:59:01","modified_gmt":"2017-09-04T15:59:01","slug":"al-menos-14-victimas-mortales-en-nueva-agresion-de-la-coalicion-internacional-contra-raqqa","status":"publish","type":"post","link":"https:\/\/archive.sana.sy\/es\/?p=69422","title":{"rendered":"Al menos 14 v\u00edctimas mortales en nueva agresi\u00f3n de la \u201cCoalici\u00f3n Internacional\u201d contra Raqqa"},"content":{"rendered":"<p><span style=\"color: #800000\">Raqqa, SANA<\/span><\/p>\n<p>14 civiles perdieron la vida en nuevas redadas desatadas por la llamada Coalici\u00f3n Internacional contra los barrios residenciales de la ciudad de Raqqa.<\/p>\n<p>Fuentes civiles y period\u00edsticas confirmaron que cazas de la \u201cCoalici\u00f3n Internacional\u201d, alianza formada fuera del Consejo de Seguridad de la ONU y liderada por EEUU, atacaron la zona de Dawar al-Na\u00edm en la ciudad de Raqqa so pretexto de luchar contra la organizaci\u00f3n terrorista de Daesh.<\/p>\n<p>Esta agresi\u00f3n dej\u00f3 muertos a al menos 14 civiles, y ocasion\u00f3 significativos da\u00f1os materiales en algunas casas y la infraestructura del \u00e1rea atacada.<\/p>\n<p>Es de se\u00f1alar que el 22 del pasado mes de agosto, m\u00e1s de 78 civiles, ni\u00f1os y mujeres en su gran mayor\u00eda perdieron la vida en agresiones similares de la Coalici\u00f3n estadounidense contra los barrios de al-Sakhani, al Badu, y al-Tawasuia en la ciudad de Raqqa. Dos d\u00edas m\u00e1s temprano, un ataque de esta alianza ileg\u00edtima dej\u00f3 siete v\u00edctimas mortales de una misma familia en la ciudad de al-Mayadeen en Deir Ezzor.<\/p>\n<p>Aunado a esto, la alianza norteamericana admiti\u00f3 haber utilizado el f\u00f3sforo blanco, arma prohibida internacionalmente, en sus operativos contra la poblaci\u00f3n siria en Raqqa, que ocasionaron centenares de m\u00e1rtires y colosales da\u00f1os materiales en el Hospital Nacional y la infraestructura de la ciudad.<\/p>\n<p>&nbsp;<\/p>\n<p>Lynn A.<\/p>\n","protected":false},"excerpt":{"rendered":"<p>Raqqa, SANA 14 civiles perdieron la vida en nuevas redadas desatadas por la llamada Coalici\u00f3n Internacional contra los barrios residenciales de la ciudad de Raqqa. Fuentes civiles y period\u00edsticas confirmaron que cazas de la \u201cCoalici\u00f3n Internacional\u201d, alianza formada fuera del Consejo de Seguridad de la ONU y liderada por EEUU, atacaron la zona de Dawar &hellip;<\/p>\n","protected":false},"author":24,"featured_media":56314,"comment_status":"closed","ping_status":"closed","sticky":false,"template":"","format":"standard","meta":{"footnotes":""},"categories":[597,573,583,7541],"tags":[],"class_list":["post-69422","post","type-post","status-publish","format-standard","has-post-thumbnail","","category-cinta-de-noticias","category-la-realidad-de-los-acontecimientos-en-siria","category-slide","category-ultimas-noticias"],"_links":{"self":[{"href":"https:\/\/archive.sana.sy\/es\/index.php?rest_route=\/wp\/v2\/posts\/69422"}],"collection":[{"href":"https:\/\/archive.sana.sy\/es\/index.php?rest_route=\/wp\/v2\/posts"}],"about":[{"href":"https:\/\/archive.sana.sy\/es\/index.php?rest_route=\/wp\/v2\/types\/post"}],"author":[{"embeddable":true,"href":"https:\/\/archive.sana.sy\/es\/index.php?rest_route=\/wp\/v2\/users\/24"}],"replies":[{"embeddable":true,"href":"https:\/\/archive.sana.sy\/es\/index.php?rest_route=%2Fwp%2Fv2%2Fcomments&post=69422"}],"version-history":[{"count":0,"href":"https:\/\/archive.sana.sy\/es\/index.php?rest_route=\/wp\/v2\/posts\/69422\/revisions"}],"wp:featuredmedia":[{"embeddable":true,"href":"https:\/\/archive.sana.sy\/es\/index.php?rest_route=\/wp\/v2\/media\/56314"}],"wp:attachment":[{"href":"https:\/\/archive.sana.sy\/es\/index.php?rest_route=%2Fwp%2Fv2%2Fmedia&parent=69422"}],"wp:term":[{"taxonomy":"category","embeddable":true,"href":"https:\/\/archive.sana.sy\/es\/index.php?rest_route=%2Fwp%2Fv2%2Fcategories&post=69422"},{"taxonomy":"post_tag","embeddable":true,"href":"https:\/\/archive.sana.sy\/es\/index.php?rest_route=%2Fwp%2Fv2%2Ftags&post=69422"}],"curies":[{"name":"wp","href":"https:\/\/api.w.org\/{rel}","templated":true}]}}