{"id":6958,"date":"2014-08-13T19:07:27","date_gmt":"2014-08-13T16:07:27","guid":{"rendered":"http:\/\/www.sana.sy\/es\/?p=6958"},"modified":"2014-08-13T19:07:27","modified_gmt":"2014-08-13T16:07:27","slug":"indultados-armados-arrepentidos-de-damasco-campo-y-homs","status":"publish","type":"post","link":"https:\/\/archive.sana.sy\/es\/?p=6958","title":{"rendered":"Indultados armados arrepentidos de Damasco Campo y Homs"},"content":{"rendered":"<p style=\"text-align: justify\"><span style=\"color: #800000\">Provincias, SANA<\/span><\/p>\n<p style=\"text-align: justify\">Una fuente en el mando de polic\u00eda de Damasco Campo le confirm\u00f3 a la corresponsal de SANA que fueron indultados elementos armados de la localidad de Kanaker despu\u00e9s de haberse entregado junto a sus armas a las autoridades competentes y comprometerse a no realizar ning\u00fan acto que perjudique la seguridad de la patria.<\/p>\n<p style=\"text-align: justify\">\n<p style=\"text-align: justify\">Asimismo, una fuente policial en Homs dijo que fue regularizada la situaci\u00f3n penal de 61 armados de Talbiseh, Al-Qusair y la aldea de Al-Manzoul en coordinaci\u00f3n con el Comit\u00e9 de Encuentro Nacional para la Reconciliaci\u00f3n.<\/p>\n<p style=\"text-align: justify\">\n<p style=\"text-align: justify\"><span style=\"color: #0000ff\">Ghifar Al., Riyad Sh.<\/span><\/p>\n","protected":false},"excerpt":{"rendered":"<p>Provincias, SANA Una fuente en el mando de polic\u00eda de Damasco Campo le confirm\u00f3 a la corresponsal de SANA que fueron indultados elementos armados de la localidad de Kanaker despu\u00e9s de haberse entregado junto a sus armas a las autoridades competentes y comprometerse a no realizar ning\u00fan acto que perjudique la seguridad de la patria. &hellip;<\/p>\n","protected":false},"author":1,"featured_media":6959,"comment_status":"closed","ping_status":"closed","sticky":false,"template":"","format":"standard","meta":{"footnotes":""},"categories":[477,597,476],"tags":[1591],"class_list":["post-6958","post","type-post","status-publish","format-standard","has-post-thumbnail","","category-noticias-edulcorantes","category-cinta-de-noticias","category-locales","tag-indultados-armados-arrepentidos-de-damasco-campo-y-homs"],"_links":{"self":[{"href":"https:\/\/archive.sana.sy\/es\/index.php?rest_route=\/wp\/v2\/posts\/6958"}],"collection":[{"href":"https:\/\/archive.sana.sy\/es\/index.php?rest_route=\/wp\/v2\/posts"}],"about":[{"href":"https:\/\/archive.sana.sy\/es\/index.php?rest_route=\/wp\/v2\/types\/post"}],"author":[{"embeddable":true,"href":"https:\/\/archive.sana.sy\/es\/index.php?rest_route=\/wp\/v2\/users\/1"}],"replies":[{"embeddable":true,"href":"https:\/\/archive.sana.sy\/es\/index.php?rest_route=%2Fwp%2Fv2%2Fcomments&post=6958"}],"version-history":[{"count":0,"href":"https:\/\/archive.sana.sy\/es\/index.php?rest_route=\/wp\/v2\/posts\/6958\/revisions"}],"wp:featuredmedia":[{"embeddable":true,"href":"https:\/\/archive.sana.sy\/es\/index.php?rest_route=\/wp\/v2\/media\/6959"}],"wp:attachment":[{"href":"https:\/\/archive.sana.sy\/es\/index.php?rest_route=%2Fwp%2Fv2%2Fmedia&parent=6958"}],"wp:term":[{"taxonomy":"category","embeddable":true,"href":"https:\/\/archive.sana.sy\/es\/index.php?rest_route=%2Fwp%2Fv2%2Fcategories&post=6958"},{"taxonomy":"post_tag","embeddable":true,"href":"https:\/\/archive.sana.sy\/es\/index.php?rest_route=%2Fwp%2Fv2%2Ftags&post=6958"}],"curies":[{"name":"wp","href":"https:\/\/api.w.org\/{rel}","templated":true}]}}