{"id":69845,"date":"2017-09-14T17:00:06","date_gmt":"2017-09-14T14:00:06","guid":{"rendered":"http:\/\/www.sana.sy\/es\/?p=69845"},"modified":"2017-09-14T17:49:06","modified_gmt":"2017-09-14T14:49:06","slug":"inicia-sexta-ronda-de-conversaciones-de-astana-sobre-siria","status":"publish","type":"post","link":"https:\/\/archive.sana.sy\/es\/?p=69845","title":{"rendered":"Delegaci\u00f3n de la Rep\u00fablica \u00c1rabe Siria se re\u00fane con la delegaci\u00f3n iran\u00ed en Astana"},"content":{"rendered":"<p><span style=\"color: #800000\">Astan\u00e1, SANA<\/span><\/p>\n<p>La delegaci\u00f3n de la Rep\u00fablica \u00c1rabe Siria, encabezada por Bashar al-Jaafari, ha sostenido este jueves una reuni\u00f3n con la delegaci\u00f3n iran\u00ed, presidida por el asesor del canciller persa, Hossein Yaber Ansari, en el marco de la s\u00e9ptima ronda de la reuni\u00f3n de Astana sobre la crisis en Siria.<\/p>\n<p>Ambas partes abordaron una serie de temas sobre las v\u00edas de garantizar el \u00e9xito de esta ronda.<\/p>\n<p>La s\u00e9ptima ronda de Astana inici\u00f3 esta ma\u00f1ana con la participaci\u00f3n de la delegaci\u00f3n de la RAS, que hab\u00eda examinado ayer con el canciller kazajo y la delegaci\u00f3n rusa los temas en la agenda de trabajo de esta ronda de Astana.<\/p>\n<p>En el mismo contexto, el jefe de la delegaci\u00f3n rusa a Astana, Alexander Lavrantiev, se\u00f1al\u00f3 que esta ronda actual ser\u00e1 la \u00faltima en el que se aborde el tema de las zonas de distenci\u00f3n, sin embargo el proceso de Astana continuar\u00e1 sobre otros temas a resolver acerca de la crisis en Siria.<\/p>\n<p>En declaraciones concedidas a la prensa, Lavrantiev asever\u00f3 que los temas del arreglo pol\u00edtico y la creaci\u00f3n de un Comit\u00e9 de Reconciliaci\u00f3n Nacional son importantes pero ser\u00e1n analizados en pr\u00f3ximos encuentros de Astana.<\/p>\n<p>Aclar\u00f3 que ma\u00f1ana se complementar\u00e1n los documentos que determinar\u00e1n la acci\u00f3n de las fuerzas de supervisi\u00f3n en las zonas de distenci\u00f3n, y las \u00e1reas donde estar\u00e1n desplegadas.<\/p>\n<p>Afirm\u00f3 que la presencia de las fuerzas estadounidenses en el territorio sirio es ileg\u00edtimo y contradicen con la ley internacional, puesto que ocurre sin el consentimiento del gobierno sirio.<\/p>\n<p>Calific\u00f3 de \u201cconstructivas y fruct\u00edferas\u201d, las conversaciones sostenidas entre la delegaci\u00f3n rusa y las de Ir\u00e1n, Turqu\u00eda, y el enviado especial de la ONU para Siria, Staffan de Mistura.<\/p>\n<p><span style=\"color: #0000ff\">Inicia sexta ronda de conversaciones de Astan\u00e1 sobre Siria<\/span><\/p>\n<p>Comenz\u00f3 este jueves la sexta ronda de conversaciones de Astan\u00e1 sobre Siria con la participaci\u00f3n de una delegaci\u00f3n del gobierno sirio encabezada por el delegado de Siria en la ONU, Bashar Jaafari.<\/p>\n<p>Seg\u00fan inform\u00f3 el servicio de prensa del Ministerio de Exteriores de Kazajist\u00e1n, todos los participantes de la nueva ronda de negociaciones llegaron a la capital kazaja, Astan\u00e1.<\/p>\n<p>Se se\u00f1ala que la delegaci\u00f3n de Rusia est\u00e1 encabezada por el enviado especial del presidente ruso para Siria, Alexandr Lavr\u00e9ntiev, mientras que las de Turqu\u00eda e Ir\u00e1n por vicecancilleres Sedat \u00d6nal y Husein Yaber Ansari, respectivamente.<\/p>\n<p>Adem\u00e1s, llegaron el enviado especial de la ONU para Siria, Staffan de Mistura, el auxiliar interino del secretario de Estado de EEUU para Asuntos de Oriente Medio, David Satterfield, as\u00ed como el asesor para Asuntos Pol\u00edticos del Ministerio de Exteriores de Jordania, Nawaf Wasfi Tell, y 24 representantes de la oposici\u00f3n armada siria.<\/p>\n<p>La delegaci\u00f3n siria hab\u00eda sostenido encuentros con el ministro de Exteriores kazajo, Khayrat Abdul Rahmanuf, y la delegaci\u00f3n de Rusia encabezada por el enviado especial del presidente ruso para Siria, Alexandr Lavr\u00e9ntiev.<\/p>\n<p><span style=\"color: #0000ff\">F. Marouf\/ Dr. A. Shaban-L-A.<\/span><\/p>\n","protected":false},"excerpt":{"rendered":"<p>Astan\u00e1, SANA La delegaci\u00f3n de la Rep\u00fablica \u00c1rabe Siria, encabezada por Bashar al-Jaafari, ha sostenido este jueves una reuni\u00f3n con la delegaci\u00f3n iran\u00ed, presidida por el asesor del canciller persa, Hossein Yaber Ansari, en el marco de la s\u00e9ptima ronda de la reuni\u00f3n de Astana sobre la crisis en Siria. Ambas partes abordaron una serie &hellip;<\/p>\n","protected":false},"author":1,"featured_media":69846,"comment_status":"closed","ping_status":"closed","sticky":false,"template":"","format":"standard","meta":{"footnotes":""},"categories":[597,456,573,457,583,7541],"tags":[10764],"class_list":["post-69845","post","type-post","status-publish","format-standard","has-post-thumbnail","","category-cinta-de-noticias","category-arabe-internacional-politica","category-la-realidad-de-los-acontecimientos-en-siria","category-noticias-arabe-internacional-politica","category-slide","category-ultimas-noticias","tag-inicia-sexta-ronda-de-conversaciones-de-astana-sobre-siria"],"_links":{"self":[{"href":"https:\/\/archive.sana.sy\/es\/index.php?rest_route=\/wp\/v2\/posts\/69845"}],"collection":[{"href":"https:\/\/archive.sana.sy\/es\/index.php?rest_route=\/wp\/v2\/posts"}],"about":[{"href":"https:\/\/archive.sana.sy\/es\/index.php?rest_route=\/wp\/v2\/types\/post"}],"author":[{"embeddable":true,"href":"https:\/\/archive.sana.sy\/es\/index.php?rest_route=\/wp\/v2\/users\/1"}],"replies":[{"embeddable":true,"href":"https:\/\/archive.sana.sy\/es\/index.php?rest_route=%2Fwp%2Fv2%2Fcomments&post=69845"}],"version-history":[{"count":0,"href":"https:\/\/archive.sana.sy\/es\/index.php?rest_route=\/wp\/v2\/posts\/69845\/revisions"}],"wp:featuredmedia":[{"embeddable":true,"href":"https:\/\/archive.sana.sy\/es\/index.php?rest_route=\/wp\/v2\/media\/69846"}],"wp:attachment":[{"href":"https:\/\/archive.sana.sy\/es\/index.php?rest_route=%2Fwp%2Fv2%2Fmedia&parent=69845"}],"wp:term":[{"taxonomy":"category","embeddable":true,"href":"https:\/\/archive.sana.sy\/es\/index.php?rest_route=%2Fwp%2Fv2%2Fcategories&post=69845"},{"taxonomy":"post_tag","embeddable":true,"href":"https:\/\/archive.sana.sy\/es\/index.php?rest_route=%2Fwp%2Fv2%2Ftags&post=69845"}],"curies":[{"name":"wp","href":"https:\/\/api.w.org\/{rel}","templated":true}]}}