{"id":69848,"date":"2017-09-14T12:24:23","date_gmt":"2017-09-14T09:24:23","guid":{"rendered":"http:\/\/www.sana.sy\/es\/?p=69848"},"modified":"2017-09-14T12:24:23","modified_gmt":"2017-09-14T09:24:23","slug":"equipo-sirio-de-ciclismo-gana-cuatro-medallas-de-oro-y-plata-en-el-campeonato-de-sochi-en-rusia","status":"publish","type":"post","link":"https:\/\/archive.sana.sy\/es\/?p=69848","title":{"rendered":"Equipo sirio de ciclismo gana cuatro medallas de oro y plata en el campeonato de Sochi en Rusia"},"content":{"rendered":"<p><span style=\"color: #800000;\">Mosc\u00fa, SANA<\/span><\/p>\n<p>El equipo sirio de ciclismo gan\u00f3 cinco medallas, dos de oro, dos de plata y una de bronce, en el Campeonato de Sochi en Rusia.<\/p>\n<p>Los ciclistas sirios Mustafa Abdulkader y Osama Sabahi, obtuvieron las medallas de oro, mientras Amir Halabi y Waheb Nayyar ganaron las medaallas de Plata, y la medalla de bronce la obtuvo Bilal Lahlah.<\/p>\n<p><img decoding=\"async\" src=\"http:\/\/www.sana.sy\/wp-content\/uploads\/2017\/09\/9-67-300x169.jpg\" \/><\/p>\n<p>En un contexto relacionado, tres ciclistas sirios participar\u00e1n este viernes en el Campeonato Mundial de Ciclismo que se celebra en Suiza, Holanda y Noruega.<\/p>\n<p><img decoding=\"async\" src=\"http:\/\/www.sana.sy\/wp-content\/uploads\/2017\/09\/10-71-300x207.jpg\" \/><\/p>\n<p>El presidente de la Federaci\u00f3n de Ciclismo de Siria, Mohammed Khader, dijo en una declaraci\u00f3n a SANA, que la participaci\u00f3n del equipo de ciclismo sirio en el Campeonato Mundial constituye una oportunidad real para demostrar la presencia de Siria en el mapa mundial de este deporte.<\/p>\n<p><span style=\"color: #0000ff;\">F. Marouf\/ Dr. A. Shaban<\/span><\/p>\n","protected":false},"excerpt":{"rendered":"<p>Mosc\u00fa, SANA El equipo sirio de ciclismo gan\u00f3 cinco medallas, dos de oro, dos de plata y una de bronce, en el Campeonato de Sochi en Rusia. Los ciclistas sirios Mustafa Abdulkader y Osama Sabahi, obtuvieron las medallas de oro, mientras Amir Halabi y Waheb Nayyar ganaron las medaallas de Plata, y la medalla de &hellip;<\/p>\n","protected":false},"author":1,"featured_media":69849,"comment_status":"closed","ping_status":"closed","sticky":false,"template":"","format":"standard","meta":{"footnotes":""},"categories":[597,7541],"tags":[10765],"class_list":["post-69848","post","type-post","status-publish","format-standard","has-post-thumbnail","","category-cinta-de-noticias","category-ultimas-noticias","tag-equipo-sirio-de-ciclismo-gana-cuatro-medallas-de-oro-y-plata-en-el-campeonato-de-sochi-en-rusia"],"_links":{"self":[{"href":"https:\/\/archive.sana.sy\/es\/index.php?rest_route=\/wp\/v2\/posts\/69848"}],"collection":[{"href":"https:\/\/archive.sana.sy\/es\/index.php?rest_route=\/wp\/v2\/posts"}],"about":[{"href":"https:\/\/archive.sana.sy\/es\/index.php?rest_route=\/wp\/v2\/types\/post"}],"author":[{"embeddable":true,"href":"https:\/\/archive.sana.sy\/es\/index.php?rest_route=\/wp\/v2\/users\/1"}],"replies":[{"embeddable":true,"href":"https:\/\/archive.sana.sy\/es\/index.php?rest_route=%2Fwp%2Fv2%2Fcomments&post=69848"}],"version-history":[{"count":0,"href":"https:\/\/archive.sana.sy\/es\/index.php?rest_route=\/wp\/v2\/posts\/69848\/revisions"}],"wp:featuredmedia":[{"embeddable":true,"href":"https:\/\/archive.sana.sy\/es\/index.php?rest_route=\/wp\/v2\/media\/69849"}],"wp:attachment":[{"href":"https:\/\/archive.sana.sy\/es\/index.php?rest_route=%2Fwp%2Fv2%2Fmedia&parent=69848"}],"wp:term":[{"taxonomy":"category","embeddable":true,"href":"https:\/\/archive.sana.sy\/es\/index.php?rest_route=%2Fwp%2Fv2%2Fcategories&post=69848"},{"taxonomy":"post_tag","embeddable":true,"href":"https:\/\/archive.sana.sy\/es\/index.php?rest_route=%2Fwp%2Fv2%2Ftags&post=69848"}],"curies":[{"name":"wp","href":"https:\/\/api.w.org\/{rel}","templated":true}]}}