{"id":69854,"date":"2017-09-14T17:51:48","date_gmt":"2017-09-14T14:51:48","guid":{"rendered":"http:\/\/www.sana.sy\/es\/?p=69854"},"modified":"2017-09-14T17:51:48","modified_gmt":"2017-09-14T14:51:48","slug":"primer-ministro-sirio-recibe-a-una-delegacion-parlamentaria-italiana","status":"publish","type":"post","link":"https:\/\/archive.sana.sy\/es\/?p=69854","title":{"rendered":"Primer Ministro sirio recibe a una delegaci\u00f3n parlamentaria italiana"},"content":{"rendered":"<p>Damasco, SANA<\/p>\n<p>El primer ministro, Imad Khamis, advirti\u00f3 este jueves durante una reuni\u00f3n con una delegaci\u00f3n italiana del Senado de la Rep\u00fablica sobre la amenaza que representa el terrorismo transfronterizo para todo el mundo, y resalt\u00f3 la necesidad de que la comunidad internacional a\u00fane esfuerzos ante este fen\u00f3meno y trabaje para detener el apoyo prestado por algunos pa\u00edses regionales y occidentales a los terroristas.<\/p>\n<p>Destac\u00f3 que gracias a los sacrificios del Ej\u00e9rcito sirio y sus aliados se logran a diario victorias sobre el terrorismo, as\u00ed como denunci\u00f3 el bloqueo econ\u00f3mico impuesto por Occidente al pueblo sirio, exigiendo levantar a las medidas unilaterales que apuntan contra el pan diario del ciudadano sirio.<\/p>\n<p>Apreci\u00f3 altamente la visita de la delegaci\u00f3n italiana, exaltando el papel de todas las delegaciones que visitan a Siria en trasmitir la realidad de lo que est\u00e1 sucediendo en este pa\u00eds.<\/p>\n<p>A su vez, el jefe de la delegaci\u00f3n italiana, Paolo Romani, denunci\u00f3 la campa\u00f1a de desinformaci\u00f3n librada por los medios de comunicaci\u00f3n occidentales contra Siria, y el papel de algunos pa\u00edses regionales y occidentales en prolongar la guerra antisiria a trav\u00e9s de suministrar apoyo financiero y armament\u00edstico a los terroristas en la misma.<\/p>\n<p>Romani hizo hincapi\u00e9 en la necesidad de participar en la reconstrucci\u00f3n de Siria y prestar todo tipo de apoyo a su pueblo.<\/p>\n<p>L.A.<\/p>\n","protected":false},"excerpt":{"rendered":"<p>Damasco, SANA El primer ministro, Imad Khamis, advirti\u00f3 este jueves durante una reuni\u00f3n con una delegaci\u00f3n italiana del Senado de la Rep\u00fablica sobre la amenaza que representa el terrorismo transfronterizo para todo el mundo, y resalt\u00f3 la necesidad de que la comunidad internacional a\u00fane esfuerzos ante este fen\u00f3meno y trabaje para detener el apoyo prestado &hellip;<\/p>\n","protected":false},"author":1,"featured_media":69855,"comment_status":"closed","ping_status":"closed","sticky":false,"template":"","format":"standard","meta":{"footnotes":""},"categories":[476,583],"tags":[],"class_list":["post-69854","post","type-post","status-publish","format-standard","has-post-thumbnail","","category-locales","category-slide"],"_links":{"self":[{"href":"https:\/\/archive.sana.sy\/es\/index.php?rest_route=\/wp\/v2\/posts\/69854"}],"collection":[{"href":"https:\/\/archive.sana.sy\/es\/index.php?rest_route=\/wp\/v2\/posts"}],"about":[{"href":"https:\/\/archive.sana.sy\/es\/index.php?rest_route=\/wp\/v2\/types\/post"}],"author":[{"embeddable":true,"href":"https:\/\/archive.sana.sy\/es\/index.php?rest_route=\/wp\/v2\/users\/1"}],"replies":[{"embeddable":true,"href":"https:\/\/archive.sana.sy\/es\/index.php?rest_route=%2Fwp%2Fv2%2Fcomments&post=69854"}],"version-history":[{"count":0,"href":"https:\/\/archive.sana.sy\/es\/index.php?rest_route=\/wp\/v2\/posts\/69854\/revisions"}],"wp:featuredmedia":[{"embeddable":true,"href":"https:\/\/archive.sana.sy\/es\/index.php?rest_route=\/wp\/v2\/media\/69855"}],"wp:attachment":[{"href":"https:\/\/archive.sana.sy\/es\/index.php?rest_route=%2Fwp%2Fv2%2Fmedia&parent=69854"}],"wp:term":[{"taxonomy":"category","embeddable":true,"href":"https:\/\/archive.sana.sy\/es\/index.php?rest_route=%2Fwp%2Fv2%2Fcategories&post=69854"},{"taxonomy":"post_tag","embeddable":true,"href":"https:\/\/archive.sana.sy\/es\/index.php?rest_route=%2Fwp%2Fv2%2Ftags&post=69854"}],"curies":[{"name":"wp","href":"https:\/\/api.w.org\/{rel}","templated":true}]}}