{"id":69857,"date":"2017-09-14T17:53:49","date_gmt":"2017-09-14T14:53:49","guid":{"rendered":"http:\/\/www.sana.sy\/es\/?p=69857"},"modified":"2017-09-14T17:53:49","modified_gmt":"2017-09-14T14:53:49","slug":"seleccion-siria-de-futbol-sigue-subiendo-en-el-rankig-mensual-de-la-fifa","status":"publish","type":"post","link":"https:\/\/archive.sana.sy\/es\/?p=69857","title":{"rendered":"Selecci\u00f3n siria de f\u00fatbol sigue subiendo en el rankig mensual de la FIFA"},"content":{"rendered":"<p>Z\u00farich, SANA<\/p>\n<p>La selecci\u00f3n nacional siria de f\u00fatbol ha continuado su progreso en el ranking mensual de la FIFA, donde ocup\u00f3 el puesto 75 a nivel internacional y el noveno a nivel asi\u00e1tico seg\u00fan la lista emitida este jueves por esta organizaci\u00f3n.<\/p>\n<p>La subida del equipo sirio se logr\u00f3 gracias a un triunfo alcanzado hace dos semanas en el partido contra Qatar 3-1 y luego un empate con la selecci\u00f3n iran\u00ed 2-2 en el marco de las eliminatorias de Asia que califican al final de la Copa del Mundo Rusia 2018.<\/p>\n<p>Este puesto se considera como el mejor logrado por la selecci\u00f3n siria desde el a\u00f1o 1993 cuando se ubic\u00f3 en el puesto 78 a nivel internacional.<\/p>\n<p>&nbsp;<\/p>\n<p>L.A.<\/p>\n","protected":false},"excerpt":{"rendered":"<p>Z\u00farich, SANA La selecci\u00f3n nacional siria de f\u00fatbol ha continuado su progreso en el ranking mensual de la FIFA, donde ocup\u00f3 el puesto 75 a nivel internacional y el noveno a nivel asi\u00e1tico seg\u00fan la lista emitida este jueves por esta organizaci\u00f3n. La subida del equipo sirio se logr\u00f3 gracias a un triunfo alcanzado hace &hellip;<\/p>\n","protected":false},"author":1,"featured_media":69858,"comment_status":"closed","ping_status":"closed","sticky":false,"template":"","format":"standard","meta":{"footnotes":""},"categories":[494,7541],"tags":[],"class_list":["post-69857","post","type-post","status-publish","format-standard","has-post-thumbnail","","category-deportes","category-ultimas-noticias"],"_links":{"self":[{"href":"https:\/\/archive.sana.sy\/es\/index.php?rest_route=\/wp\/v2\/posts\/69857"}],"collection":[{"href":"https:\/\/archive.sana.sy\/es\/index.php?rest_route=\/wp\/v2\/posts"}],"about":[{"href":"https:\/\/archive.sana.sy\/es\/index.php?rest_route=\/wp\/v2\/types\/post"}],"author":[{"embeddable":true,"href":"https:\/\/archive.sana.sy\/es\/index.php?rest_route=\/wp\/v2\/users\/1"}],"replies":[{"embeddable":true,"href":"https:\/\/archive.sana.sy\/es\/index.php?rest_route=%2Fwp%2Fv2%2Fcomments&post=69857"}],"version-history":[{"count":0,"href":"https:\/\/archive.sana.sy\/es\/index.php?rest_route=\/wp\/v2\/posts\/69857\/revisions"}],"wp:featuredmedia":[{"embeddable":true,"href":"https:\/\/archive.sana.sy\/es\/index.php?rest_route=\/wp\/v2\/media\/69858"}],"wp:attachment":[{"href":"https:\/\/archive.sana.sy\/es\/index.php?rest_route=%2Fwp%2Fv2%2Fmedia&parent=69857"}],"wp:term":[{"taxonomy":"category","embeddable":true,"href":"https:\/\/archive.sana.sy\/es\/index.php?rest_route=%2Fwp%2Fv2%2Fcategories&post=69857"},{"taxonomy":"post_tag","embeddable":true,"href":"https:\/\/archive.sana.sy\/es\/index.php?rest_route=%2Fwp%2Fv2%2Ftags&post=69857"}],"curies":[{"name":"wp","href":"https:\/\/api.w.org\/{rel}","templated":true}]}}