{"id":6986,"date":"2014-08-13T21:50:18","date_gmt":"2014-08-13T18:50:18","guid":{"rendered":"http:\/\/www.sana.sy\/es\/?p=6986"},"modified":"2023-01-10T15:17:34","modified_gmt":"2023-01-10T13:17:34","slug":"tomeh-trabaja-para-expandir-la-capacidad-de-produccion-de-cemento-para-asegurar-las-necesidades-locales-durante-la-fase-de-reconstruccion","status":"publish","type":"post","link":"https:\/\/archive.sana.sy\/es\/?p=6986","title":{"rendered":"Tomeh: trabaja para expandir la capacidad de producci\u00f3n de cemento para asegurar las necesidades locales durante la fase de reconstrucci\u00f3n"},"content":{"rendered":"<p style=\"text-align: justify\"><span style=\"color: #800000\">Damasco, SANA<\/span><\/p>\n<p style=\"text-align: justify\">El ministro de Industria en el gobierno interino, Kamal Eddine Tomeh, dijo que el ministerio trabaja para expandir la capacidad de producci\u00f3n de la planta de cemento y establecer nuevas l\u00edneas y plantas para asegurar las necesidades locales de cemento durante la fase de reconstrucci\u00f3n.<\/p>\n<p style=\"text-align: justify\">En una rueda de prensa, Tomeh destac\u00f3 que dos contratos con el grupo Fara\u00f3n para desarrollar la cementera de Tartous y establecer una nueva planta de cemento en Adra.<\/p>\n<p style=\"text-align: justify\">Agreg\u00f3 que los dos proyectos est\u00e1n dise\u00f1ados para proporcionar la mayor necesidad de cemento durante el per\u00edodo de reconstrucci\u00f3n.<\/p>\n<p style=\"text-align: justify\">Tambi\u00e9n destac\u00f3 que el Departamento est\u00e1 en desarrollar un memorando de entendimiento sobre un tercer proyecto para rehabilitar y ampliar la Compa\u00f1\u00eda de cemento de Adra.<\/p>\n<p style=\"text-align: justify\"><span style=\"color: #0000ff\">Ghifar Al.<\/span><\/p>\n","protected":false},"excerpt":{"rendered":"<p>Damasco, SANA El ministro de Industria en el gobierno interino, Kamal Eddine Tomeh, dijo que el ministerio trabaja para expandir la capacidad de producci\u00f3n de la planta de cemento y establecer nuevas l\u00edneas y plantas para asegurar las necesidades locales de cemento durante la fase de reconstrucci\u00f3n. En una rueda de prensa, Tomeh destac\u00f3 que &hellip;<\/p>\n","protected":false},"author":1,"featured_media":6987,"comment_status":"closed","ping_status":"closed","sticky":false,"template":"","format":"standard","meta":{"footnotes":""},"categories":[485],"tags":[1601],"class_list":["post-6986","post","type-post","status-publish","format-standard","has-post-thumbnail","","category-informes-negocios-y-finanzas","tag-tomeh-trabaja-para-expandir-la-capacidad-de-produccion-de-cemento-para-asegurar-las-necesidades-locales-durante-la-fase-de-reconstruccion"],"_links":{"self":[{"href":"https:\/\/archive.sana.sy\/es\/index.php?rest_route=\/wp\/v2\/posts\/6986"}],"collection":[{"href":"https:\/\/archive.sana.sy\/es\/index.php?rest_route=\/wp\/v2\/posts"}],"about":[{"href":"https:\/\/archive.sana.sy\/es\/index.php?rest_route=\/wp\/v2\/types\/post"}],"author":[{"embeddable":true,"href":"https:\/\/archive.sana.sy\/es\/index.php?rest_route=\/wp\/v2\/users\/1"}],"replies":[{"embeddable":true,"href":"https:\/\/archive.sana.sy\/es\/index.php?rest_route=%2Fwp%2Fv2%2Fcomments&post=6986"}],"version-history":[{"count":0,"href":"https:\/\/archive.sana.sy\/es\/index.php?rest_route=\/wp\/v2\/posts\/6986\/revisions"}],"wp:featuredmedia":[{"embeddable":true,"href":"https:\/\/archive.sana.sy\/es\/index.php?rest_route=\/wp\/v2\/media\/6987"}],"wp:attachment":[{"href":"https:\/\/archive.sana.sy\/es\/index.php?rest_route=%2Fwp%2Fv2%2Fmedia&parent=6986"}],"wp:term":[{"taxonomy":"category","embeddable":true,"href":"https:\/\/archive.sana.sy\/es\/index.php?rest_route=%2Fwp%2Fv2%2Fcategories&post=6986"},{"taxonomy":"post_tag","embeddable":true,"href":"https:\/\/archive.sana.sy\/es\/index.php?rest_route=%2Fwp%2Fv2%2Ftags&post=6986"}],"curies":[{"name":"wp","href":"https:\/\/api.w.org\/{rel}","templated":true}]}}