{"id":69869,"date":"2017-09-14T19:44:50","date_gmt":"2017-09-14T16:44:50","guid":{"rendered":"http:\/\/www.sana.sy\/es\/?p=69869"},"modified":"2017-09-14T20:07:11","modified_gmt":"2017-09-14T17:07:11","slug":"jefe-del-estado-mayor-inspecciona-unidades-militares-en-dier-ezzor","status":"publish","type":"post","link":"https:\/\/archive.sana.sy\/es\/?p=69869","title":{"rendered":"Jefe del Estado Mayor inspecciona unidades militares en Dier Ezzor"},"content":{"rendered":"<p>Dier Ezzor-SANA<\/p>\n<p>Por orientaci\u00f3n del presidente Bashar Al-Assad, Comandante en Jefe del Ej\u00e9rcito, el mayor General Ali Abdallah Ayub, Jefe del Estado Mayor, ha inspeccionado a las unidades del ej\u00e9rcito que operan en la provincia de Dier ezzor.<\/p>\n<p>El mayor general Ayub fue informado por los oficiales de campo, sobre las acciones combativas que han sido realizado por el ej\u00e9rcito durante el cerco contra DAESH as\u00ed como las acciones combativas libraron las fuerzas armadas durante la ofensiva para romper el cerco del EIIL sobre Dier Ezzor.<\/p>\n<p>De igual modo revis\u00f3 los planes elaborados para la pr\u00f3xima ofensiva y las medidas tomadas para asegurar las zonas liberadas.<\/p>\n<p>A continuaci\u00f3n, el Jefe del Estado Mayor realiz\u00f3 una gira por la cadena monta\u00f1osa de \u00a8Thardeh\u00a8, y el aeropuerto militar.<\/p>\n<p>Y.K.<\/p>\n","protected":false},"excerpt":{"rendered":"<p>Dier Ezzor-SANA Por orientaci\u00f3n del presidente Bashar Al-Assad, Comandante en Jefe del Ej\u00e9rcito, el mayor General Ali Abdallah Ayub, Jefe del Estado Mayor, ha inspeccionado a las unidades del ej\u00e9rcito que operan en la provincia de Dier ezzor. El mayor general Ayub fue informado por los oficiales de campo, sobre las acciones combativas que han &hellip;<\/p>\n","protected":false},"author":1,"featured_media":69870,"comment_status":"closed","ping_status":"closed","sticky":false,"template":"","format":"standard","meta":{"footnotes":""},"categories":[476,7541],"tags":[],"class_list":["post-69869","post","type-post","status-publish","format-standard","has-post-thumbnail","","category-locales","category-ultimas-noticias"],"_links":{"self":[{"href":"https:\/\/archive.sana.sy\/es\/index.php?rest_route=\/wp\/v2\/posts\/69869"}],"collection":[{"href":"https:\/\/archive.sana.sy\/es\/index.php?rest_route=\/wp\/v2\/posts"}],"about":[{"href":"https:\/\/archive.sana.sy\/es\/index.php?rest_route=\/wp\/v2\/types\/post"}],"author":[{"embeddable":true,"href":"https:\/\/archive.sana.sy\/es\/index.php?rest_route=\/wp\/v2\/users\/1"}],"replies":[{"embeddable":true,"href":"https:\/\/archive.sana.sy\/es\/index.php?rest_route=%2Fwp%2Fv2%2Fcomments&post=69869"}],"version-history":[{"count":0,"href":"https:\/\/archive.sana.sy\/es\/index.php?rest_route=\/wp\/v2\/posts\/69869\/revisions"}],"wp:featuredmedia":[{"embeddable":true,"href":"https:\/\/archive.sana.sy\/es\/index.php?rest_route=\/wp\/v2\/media\/69870"}],"wp:attachment":[{"href":"https:\/\/archive.sana.sy\/es\/index.php?rest_route=%2Fwp%2Fv2%2Fmedia&parent=69869"}],"wp:term":[{"taxonomy":"category","embeddable":true,"href":"https:\/\/archive.sana.sy\/es\/index.php?rest_route=%2Fwp%2Fv2%2Fcategories&post=69869"},{"taxonomy":"post_tag","embeddable":true,"href":"https:\/\/archive.sana.sy\/es\/index.php?rest_route=%2Fwp%2Fv2%2Ftags&post=69869"}],"curies":[{"name":"wp","href":"https:\/\/api.w.org\/{rel}","templated":true}]}}