{"id":69942,"date":"2017-09-16T17:03:34","date_gmt":"2017-09-16T14:03:34","guid":{"rendered":"http:\/\/www.sana.sy\/es\/?p=69942"},"modified":"2017-09-16T17:07:20","modified_gmt":"2017-09-16T14:07:20","slug":"la-delegacion-gubernamental-revisa-el-trabajo-de-los-equipos-de-servicios-tecnicos-limpieza-y-bomberos-en-deir-ezzor","status":"publish","type":"post","link":"https:\/\/archive.sana.sy\/es\/?p=69942","title":{"rendered":"La delegaci\u00f3n gubernamental revisa el trabajo de los equipos de servicios t\u00e9cnicos, limpieza y bomberos en Deir Ezzor"},"content":{"rendered":"<p>&nbsp;<\/p>\n<p><span style=\"color: #800000;\">Deir Ezzor-SANA<\/span><\/p>\n<p>La delegaci\u00f3n gubernamental formada por los ministros, del Interior, de Administraci\u00f3n Local, y de Obras p\u00fablicas, que visita la ciudad de Deir Ezzor conoci\u00f3 de primera mano el trabajo de los equipos de servicios t\u00e9cnicos, y la realidad de trabajo en la unidad de bomberos y equipos de limpieza en las calles de la ciudad.<\/p>\n<p>El ministro de Obras P\u00fablicas, Hussein Arnous, se\u00f1al\u00f3 que se encarg\u00f3 a todos los equipos y veh\u00edculos del ministerio en Deir Ezzor trabajar de inmediato para rehabilitar la carretera internacional, los puentes y las calles, y aludi\u00f3 a la necesidad de agilizar el trabajo del Comit\u00e9 de Evaluaci\u00f3n de Da\u00f1os para indemnizar a los ciudadanos.<\/p>\n<p>Por su parte el ministro de Administraci\u00f3n Local, Hussein Makhlouf, dijo que lo ofrecido por la sucursal de la Media Luna Roja en Deir Ezzor durante los meses del asedio llega al nivel de los h\u00e9roes, ya que se le cayeron m\u00e1rtires y heridos por garantizar la llegada de alimentos a los habitantes.<\/p>\n<p>El ministro del Interior, el general Muhammed Ibrahim al Shaar, subray\u00f3 que la visita de la delegaci\u00f3n gubernamental fue \u00fatil y fruct\u00edfera, y las fuerzas de Seguridad Interna ser\u00e1n un factor principal para restablecer la seguridad y la estabilidad en Deir Ezzor.<\/p>\n<p>Durante el encuentro de la delegaci\u00f3n gubernamental con los actores populares y sindicatos en Deir Ezzor, los reunidos solicitaron aumentar el apoyo gubernamental y rehabilitar las escuelas y centros sanitarios, solucionar los problemas del agua, poner en marcha el funcionamiento de las gasolineras, y garantizar medios de transporte entre otros servicios.<\/p>\n<p>&nbsp;<\/p>\n<p>&nbsp;<\/p>\n<p><span style=\"color: #0000ff;\">Akram. S<\/span><\/p>\n","protected":false},"excerpt":{"rendered":"<p>&nbsp; Deir Ezzor-SANA La delegaci\u00f3n gubernamental formada por los ministros, del Interior, de Administraci\u00f3n Local, y de Obras p\u00fablicas, que visita la ciudad de Deir Ezzor conoci\u00f3 de primera mano el trabajo de los equipos de servicios t\u00e9cnicos, y la realidad de trabajo en la unidad de bomberos y equipos de limpieza en las calles &hellip;<\/p>\n","protected":false},"author":1,"featured_media":69943,"comment_status":"closed","ping_status":"closed","sticky":false,"template":"","format":"standard","meta":{"footnotes":""},"categories":[597,476,7541],"tags":[],"class_list":["post-69942","post","type-post","status-publish","format-standard","has-post-thumbnail","","category-cinta-de-noticias","category-locales","category-ultimas-noticias"],"_links":{"self":[{"href":"https:\/\/archive.sana.sy\/es\/index.php?rest_route=\/wp\/v2\/posts\/69942"}],"collection":[{"href":"https:\/\/archive.sana.sy\/es\/index.php?rest_route=\/wp\/v2\/posts"}],"about":[{"href":"https:\/\/archive.sana.sy\/es\/index.php?rest_route=\/wp\/v2\/types\/post"}],"author":[{"embeddable":true,"href":"https:\/\/archive.sana.sy\/es\/index.php?rest_route=\/wp\/v2\/users\/1"}],"replies":[{"embeddable":true,"href":"https:\/\/archive.sana.sy\/es\/index.php?rest_route=%2Fwp%2Fv2%2Fcomments&post=69942"}],"version-history":[{"count":0,"href":"https:\/\/archive.sana.sy\/es\/index.php?rest_route=\/wp\/v2\/posts\/69942\/revisions"}],"wp:featuredmedia":[{"embeddable":true,"href":"https:\/\/archive.sana.sy\/es\/index.php?rest_route=\/wp\/v2\/media\/69943"}],"wp:attachment":[{"href":"https:\/\/archive.sana.sy\/es\/index.php?rest_route=%2Fwp%2Fv2%2Fmedia&parent=69942"}],"wp:term":[{"taxonomy":"category","embeddable":true,"href":"https:\/\/archive.sana.sy\/es\/index.php?rest_route=%2Fwp%2Fv2%2Fcategories&post=69942"},{"taxonomy":"post_tag","embeddable":true,"href":"https:\/\/archive.sana.sy\/es\/index.php?rest_route=%2Fwp%2Fv2%2Ftags&post=69942"}],"curies":[{"name":"wp","href":"https:\/\/api.w.org\/{rel}","templated":true}]}}