{"id":69949,"date":"2017-09-17T11:02:20","date_gmt":"2017-09-17T08:02:20","guid":{"rendered":"http:\/\/www.sana.sy\/es\/?p=69949"},"modified":"2017-09-17T11:02:20","modified_gmt":"2017-09-17T08:02:20","slug":"lavrov-y-tillerson-discuten-telefonicamente-la-situacion-actual-en-siria","status":"publish","type":"post","link":"https:\/\/archive.sana.sy\/es\/?p=69949","title":{"rendered":"Lavrov y Tillerson discuten telef\u00f3nicamente la situaci\u00f3n actual en Siria"},"content":{"rendered":"<p><span style=\"color: #800000;\">Mosc\u00fa- SANA<\/span><\/p>\n<p>El canciller ruso Sergei Lavrov examin\u00f3 telef\u00f3nicamente con su hom\u00f3logo estadunidense Rex Tillerson la soluci\u00f3n de la crisis en Siria; al respecto la agencia de noticias rusa Interfax transmiti\u00f3 del Ministerio de Relaciones Exteriores ruso que \u201cuna llamada telef\u00f3nica a petici\u00f3n de la parte estadunidense se llev\u00f3 a cabo entre los dos cancilleres Lavrov y Tillerson, y se ha analizado la situaci\u00f3n actual en Siria para solucionar la crisis en la misma, incluyendo la guerra contra el terrorismo y la ejecuci\u00f3n de decisiones de las reuniones internacionales sobre Siria en Astan\u00e1 celebrados durante los d\u00edas 14 y 15 del mes en curso, y la preparaci\u00f3n para la pr\u00f3xima ronda del proceso pol\u00edtico en Ginebra.<\/p>\n<p>Los pa\u00edses garantes del acuerdo de cese el fuego en Siria renovaron en las conclusiones de la sexta reuni\u00f3n en Astan\u00e1 sobre la crisis en Siria sus compromisos para con la independencia y la unidad del territorio de Siria y la lucha contra el terrorismo.<\/p>\n<p>El Ministerio de las Relaciones Externos de Rusia a\u00f1adi\u00f3 en una declaraci\u00f3n que tambi\u00e9n \u201cfueron discutidos los acuerdos de Minsk sobre la crisis en el sureste de Ucrania\u201d.<\/p>\n<p><span style=\"color: #0000ff;\">Dr. A. Shaban\/ Riad Sh.<\/span><\/p>\n","protected":false},"excerpt":{"rendered":"<p>Mosc\u00fa- SANA El canciller ruso Sergei Lavrov examin\u00f3 telef\u00f3nicamente con su hom\u00f3logo estadunidense Rex Tillerson la soluci\u00f3n de la crisis en Siria; al respecto la agencia de noticias rusa Interfax transmiti\u00f3 del Ministerio de Relaciones Exteriores ruso que \u201cuna llamada telef\u00f3nica a petici\u00f3n de la parte estadunidense se llev\u00f3 a cabo entre los dos cancilleres &hellip;<\/p>\n","protected":false},"author":1,"featured_media":69950,"comment_status":"closed","ping_status":"closed","sticky":false,"template":"","format":"standard","meta":{"footnotes":""},"categories":[597,456,573,457,7541],"tags":[10772],"class_list":["post-69949","post","type-post","status-publish","format-standard","has-post-thumbnail","","category-cinta-de-noticias","category-arabe-internacional-politica","category-la-realidad-de-los-acontecimientos-en-siria","category-noticias-arabe-internacional-politica","category-ultimas-noticias","tag-lavrov-y-tillerson-discuten-telefonicamente-la-situacion-actual-en-siria"],"_links":{"self":[{"href":"https:\/\/archive.sana.sy\/es\/index.php?rest_route=\/wp\/v2\/posts\/69949"}],"collection":[{"href":"https:\/\/archive.sana.sy\/es\/index.php?rest_route=\/wp\/v2\/posts"}],"about":[{"href":"https:\/\/archive.sana.sy\/es\/index.php?rest_route=\/wp\/v2\/types\/post"}],"author":[{"embeddable":true,"href":"https:\/\/archive.sana.sy\/es\/index.php?rest_route=\/wp\/v2\/users\/1"}],"replies":[{"embeddable":true,"href":"https:\/\/archive.sana.sy\/es\/index.php?rest_route=%2Fwp%2Fv2%2Fcomments&post=69949"}],"version-history":[{"count":0,"href":"https:\/\/archive.sana.sy\/es\/index.php?rest_route=\/wp\/v2\/posts\/69949\/revisions"}],"wp:featuredmedia":[{"embeddable":true,"href":"https:\/\/archive.sana.sy\/es\/index.php?rest_route=\/wp\/v2\/media\/69950"}],"wp:attachment":[{"href":"https:\/\/archive.sana.sy\/es\/index.php?rest_route=%2Fwp%2Fv2%2Fmedia&parent=69949"}],"wp:term":[{"taxonomy":"category","embeddable":true,"href":"https:\/\/archive.sana.sy\/es\/index.php?rest_route=%2Fwp%2Fv2%2Fcategories&post=69949"},{"taxonomy":"post_tag","embeddable":true,"href":"https:\/\/archive.sana.sy\/es\/index.php?rest_route=%2Fwp%2Fv2%2Ftags&post=69949"}],"curies":[{"name":"wp","href":"https:\/\/api.w.org\/{rel}","templated":true}]}}