{"id":69952,"date":"2017-09-17T11:14:55","date_gmt":"2017-09-17T08:14:55","guid":{"rendered":"http:\/\/www.sana.sy\/es\/?p=69952"},"modified":"2017-09-17T11:14:55","modified_gmt":"2017-09-17T08:14:55","slug":"al-ikhbariah-y-suriana-obtuvieron-dos-permios-en-al-ghadeer-media-festival-en-irak","status":"publish","type":"post","link":"https:\/\/archive.sana.sy\/es\/?p=69952","title":{"rendered":"Al- Ikhbariah y Suriana obtuvieron dos permios en Al- Ghadeer Media Festival en Irak"},"content":{"rendered":"<p><span style=\"color: #800000;\">Bagdad- SANA<\/span><\/p>\n<p>Los dos canales sirios Al- Ikhbariah y Suriana obtuvieron dos premios en el festival internacional de los medios Al- Ghadeer que tuvo lugar en Irak en su und\u00e9cima edici\u00f3n celebrado bajo el lema \u201cel periodismo es un mensaje de resistencia y triunfo\u201d Los dos canales han obtenido sus premios por sus coberturas medi\u00e1ticas sobre el campo muy destacadas en Siria y correspondieron a los periodistas: Zainab Makhloof de Al- Ikhbariah y Naif Abeidat de Suriana.<\/p>\n<p>El secretario general del festival internacional, Mudar Al-Bakkaa, ensalz\u00f3 en una declaraci\u00f3n a la Televisi\u00f3n \u00c1rabe Siria la historia del periodismo sirio y la profundidad de su experiencia y su larga data en la producci\u00f3n dram\u00e1tica y noticiosa, expresando las felicitaciones al pueblo sirio por los premios y por su victoria sobre el terrorismo.<\/p>\n<p>Por su parte el presidente de la delegaci\u00f3n siria Dr. Ali Al-Ahmad dijo que \u201cla participaci\u00f3n de Siria en el festival es muy importante puesto que Siria e Irak colaboran en la guerra contra el terrorismo en todos los niveles militares, culturales y medi\u00e1ticos.<\/p>\n<p>Otras delegaciones \u00e1rabes participantes expresaron su orgullo por la victoria medi\u00e1tica de Siria.<\/p>\n<p>Cabe mencionar que el festival und\u00e9cimo internacional Al- Ghadeer celebrado en la cuidad de Al- Najaf en Irak durante 3 d\u00edas, concluy\u00f3 sus actividades hoy con la participaci\u00f3n de 450 instituciones medi\u00e1ticas \u00e1rabes e isl\u00e1micas.<\/p>\n<p><span style=\"color: #0000ff;\">Dr. A. Shaban\/ Riad Sh.<\/span><\/p>\n","protected":false},"excerpt":{"rendered":"<p>Bagdad- SANA Los dos canales sirios Al- Ikhbariah y Suriana obtuvieron dos premios en el festival internacional de los medios Al- Ghadeer que tuvo lugar en Irak en su und\u00e9cima edici\u00f3n celebrado bajo el lema \u201cel periodismo es un mensaje de resistencia y triunfo\u201d Los dos canales han obtenido sus premios por sus coberturas medi\u00e1ticas &hellip;<\/p>\n","protected":false},"author":1,"featured_media":69953,"comment_status":"closed","ping_status":"closed","sticky":false,"template":"","format":"standard","meta":{"footnotes":""},"categories":[597,456,573,457,7541],"tags":[10773],"class_list":["post-69952","post","type-post","status-publish","format-standard","has-post-thumbnail","","category-cinta-de-noticias","category-arabe-internacional-politica","category-la-realidad-de-los-acontecimientos-en-siria","category-noticias-arabe-internacional-politica","category-ultimas-noticias","tag-al-ikhbariah-y-suriana-obtuvieron-dos-permios-en-al-ghadeer-media-festival-en-irak"],"_links":{"self":[{"href":"https:\/\/archive.sana.sy\/es\/index.php?rest_route=\/wp\/v2\/posts\/69952"}],"collection":[{"href":"https:\/\/archive.sana.sy\/es\/index.php?rest_route=\/wp\/v2\/posts"}],"about":[{"href":"https:\/\/archive.sana.sy\/es\/index.php?rest_route=\/wp\/v2\/types\/post"}],"author":[{"embeddable":true,"href":"https:\/\/archive.sana.sy\/es\/index.php?rest_route=\/wp\/v2\/users\/1"}],"replies":[{"embeddable":true,"href":"https:\/\/archive.sana.sy\/es\/index.php?rest_route=%2Fwp%2Fv2%2Fcomments&post=69952"}],"version-history":[{"count":0,"href":"https:\/\/archive.sana.sy\/es\/index.php?rest_route=\/wp\/v2\/posts\/69952\/revisions"}],"wp:featuredmedia":[{"embeddable":true,"href":"https:\/\/archive.sana.sy\/es\/index.php?rest_route=\/wp\/v2\/media\/69953"}],"wp:attachment":[{"href":"https:\/\/archive.sana.sy\/es\/index.php?rest_route=%2Fwp%2Fv2%2Fmedia&parent=69952"}],"wp:term":[{"taxonomy":"category","embeddable":true,"href":"https:\/\/archive.sana.sy\/es\/index.php?rest_route=%2Fwp%2Fv2%2Fcategories&post=69952"},{"taxonomy":"post_tag","embeddable":true,"href":"https:\/\/archive.sana.sy\/es\/index.php?rest_route=%2Fwp%2Fv2%2Ftags&post=69952"}],"curies":[{"name":"wp","href":"https:\/\/api.w.org\/{rel}","templated":true}]}}