{"id":69955,"date":"2017-09-17T11:25:23","date_gmt":"2017-09-17T08:25:23","guid":{"rendered":"http:\/\/www.sana.sy\/es\/?p=69955"},"modified":"2017-09-17T11:25:23","modified_gmt":"2017-09-17T08:25:23","slug":"koralinco-el-centro-de-coordinacion-ruso-trabaja-con-las-entidades-gubernamentales-sirias-a-preparar-las-condiciones-adecuadas-para-el-retorno-de-los-desplazados-a-las-zonas-liberadas-de-los-terroris","status":"publish","type":"post","link":"https:\/\/archive.sana.sy\/es\/?p=69955","title":{"rendered":"Koralinco: el centro de Coordinaci\u00f3n ruso trabaja con las entidades gubernamentales sirias a preparar las condiciones adecuadas para el retorno de los desplazados a las zonas liberadas de los terroristas"},"content":{"rendered":"<p><span style=\"color: #800000;\">Latakia, SANA<\/span><\/p>\n<p>El general Serguei Koralinco, representante del Mando de las Fuerzas Rusas operantes en Siria anunci\u00f3 que el Centro de Coordinaci\u00f3n ruso de Hmeimim trabaja con las entidades gubernamentales sirias por restablecer la normalidad en el pa\u00eds y preparar condiciones propicias para la reconstrucci\u00f3n de las estructuras b\u00e1sicas en las zonas liberadas del terrorismo y retorno de los desplazados a sus hogares, se\u00f1alando que Rusia contin\u00faa contribuyendo a la restauraci\u00f3n de la seguridad y la estabilidad a Siria.<\/p>\n<p>Koralinco dijo en una declaraci\u00f3n a la prensa que &#8220;la presencia de unidades de la polic\u00eda militar rusa y establecer centros de monitoreo en las zonas de desescalada en Siria han aportado m\u00e1s estabilidad a esas zonas y contribuido a la disminuci\u00f3n de incidentes de violaci\u00f3n del r\u00e9gimen de cese de acciones de combate&#8221;.<\/p>\n<p>El funcionario militar ruso se\u00f1al\u00f3 que 54 elementos de las organizaciones terroristas inclusive 6 comandantes de campo han depuesto sus armas e incorporado a las unidades del ej\u00e9rcito \u00e1rabe sirio.<\/p>\n<p><span style=\"color: #0000ff;\">Riad Sh.\/ Dr. A. Shaban<\/span><\/p>\n","protected":false},"excerpt":{"rendered":"<p>Latakia, SANA El general Serguei Koralinco, representante del Mando de las Fuerzas Rusas operantes en Siria anunci\u00f3 que el Centro de Coordinaci\u00f3n ruso de Hmeimim trabaja con las entidades gubernamentales sirias por restablecer la normalidad en el pa\u00eds y preparar condiciones propicias para la reconstrucci\u00f3n de las estructuras b\u00e1sicas en las zonas liberadas del terrorismo &hellip;<\/p>\n","protected":false},"author":1,"featured_media":69956,"comment_status":"closed","ping_status":"closed","sticky":false,"template":"","format":"standard","meta":{"footnotes":""},"categories":[477,597,573,476,7541],"tags":[],"class_list":["post-69955","post","type-post","status-publish","format-standard","has-post-thumbnail","","category-noticias-edulcorantes","category-cinta-de-noticias","category-la-realidad-de-los-acontecimientos-en-siria","category-locales","category-ultimas-noticias"],"_links":{"self":[{"href":"https:\/\/archive.sana.sy\/es\/index.php?rest_route=\/wp\/v2\/posts\/69955"}],"collection":[{"href":"https:\/\/archive.sana.sy\/es\/index.php?rest_route=\/wp\/v2\/posts"}],"about":[{"href":"https:\/\/archive.sana.sy\/es\/index.php?rest_route=\/wp\/v2\/types\/post"}],"author":[{"embeddable":true,"href":"https:\/\/archive.sana.sy\/es\/index.php?rest_route=\/wp\/v2\/users\/1"}],"replies":[{"embeddable":true,"href":"https:\/\/archive.sana.sy\/es\/index.php?rest_route=%2Fwp%2Fv2%2Fcomments&post=69955"}],"version-history":[{"count":0,"href":"https:\/\/archive.sana.sy\/es\/index.php?rest_route=\/wp\/v2\/posts\/69955\/revisions"}],"wp:featuredmedia":[{"embeddable":true,"href":"https:\/\/archive.sana.sy\/es\/index.php?rest_route=\/wp\/v2\/media\/69956"}],"wp:attachment":[{"href":"https:\/\/archive.sana.sy\/es\/index.php?rest_route=%2Fwp%2Fv2%2Fmedia&parent=69955"}],"wp:term":[{"taxonomy":"category","embeddable":true,"href":"https:\/\/archive.sana.sy\/es\/index.php?rest_route=%2Fwp%2Fv2%2Fcategories&post=69955"},{"taxonomy":"post_tag","embeddable":true,"href":"https:\/\/archive.sana.sy\/es\/index.php?rest_route=%2Fwp%2Fv2%2Ftags&post=69955"}],"curies":[{"name":"wp","href":"https:\/\/api.w.org\/{rel}","templated":true}]}}