{"id":69958,"date":"2017-09-17T20:43:10","date_gmt":"2017-09-17T17:43:10","guid":{"rendered":"http:\/\/www.sana.sy\/es\/?p=69958"},"modified":"2017-09-17T22:28:42","modified_gmt":"2017-09-17T19:28:42","slug":"el-ejercito-arabe-sirio-acaba-con-la-ultima-agrupacion-terrorista-daeshita-en-la-periferia-del-poblado-de-al-yafra-y-asegura-por-completo-el-aeropuerto-de-deir-ezzor","status":"publish","type":"post","link":"https:\/\/archive.sana.sy\/es\/?p=69958","title":{"rendered":"El Ej\u00e9rcito asegura por completo el aeropuerto de Deir Ezzor y recupera el control de nuevas zonas en el campo de Homs"},"content":{"rendered":"<p><span style=\"color: #800000;\">Deir Ezzor, SANA<\/span><\/p>\n<p>Unidades del ej\u00e9rcito \u00e1rabe sirio en colaboraci\u00f3n con unidades coligadas han intensificado sus operaciones contra los ejes de movilidad de la organizaci\u00f3n Daesh incluida en la lista internacional de terrorismo.<\/p>\n<p>Una fuente militar inform\u00f3 que unidades del ej\u00e9rcito han continuado sus operativos de persecuci\u00f3n contra terroristas daeshitas en el campo oriental de Deir Ezzor y destruido el \u00faltimo enclave de la organizaci\u00f3n en la periferia del poblado de al-Yafra.<\/p>\n<p>La fuente se\u00f1al\u00f3 que los operativos dieron lugar al aseguramiento total del Aeropuerto de Deir Ezzor y cuantiosas p\u00e9rdidas en el bando daeshita.<\/p>\n<p><span style=\"color: #0000ff;\">Homs<\/span><\/p>\n<p>Una fuente militar inform\u00f3 que unidades del Ej\u00e9rcito sirio recuperaron el control de las zonas de Um Tin al Mualak, y al Nabitiah, y de varias colinas colindantes en la comarca oriental de Homs.<\/p>\n<p>La fuente se\u00f1al\u00f3 que el Ej\u00e9rcito acab\u00f3 con el \u00faltimo reducto de los terroristas en la zona y destruy\u00f3 armas y municiones, as\u00ed como fij\u00f3 sus puntos tras desactivar los artefactos explosivos y limpiar la zona.<\/p>\n<p>&nbsp;<\/p>\n<p><span style=\"color: #0000ff;\">Riad Sh.\/ Dr. A. Shaban, Akram. S<\/span><\/p>\n","protected":false},"excerpt":{"rendered":"<p>Deir Ezzor, SANA Unidades del ej\u00e9rcito \u00e1rabe sirio en colaboraci\u00f3n con unidades coligadas han intensificado sus operaciones contra los ejes de movilidad de la organizaci\u00f3n Daesh incluida en la lista internacional de terrorismo. Una fuente militar inform\u00f3 que unidades del ej\u00e9rcito han continuado sus operativos de persecuci\u00f3n contra terroristas daeshitas en el campo oriental de &hellip;<\/p>\n","protected":false},"author":1,"featured_media":69959,"comment_status":"closed","ping_status":"closed","sticky":false,"template":"","format":"standard","meta":{"footnotes":""},"categories":[477,597,573,476,583,7541],"tags":[10774],"class_list":["post-69958","post","type-post","status-publish","format-standard","has-post-thumbnail","","category-noticias-edulcorantes","category-cinta-de-noticias","category-la-realidad-de-los-acontecimientos-en-siria","category-locales","category-slide","category-ultimas-noticias","tag-el-ejercito-arabe-sirio-acaba-con-la-ultima-agrupacion-terrorista-daeshita-en-la-periferia-del-poblado-de-al-yafra-y-asegura-por-completo-el-aeropuerto-de-deir-ezzor"],"_links":{"self":[{"href":"https:\/\/archive.sana.sy\/es\/index.php?rest_route=\/wp\/v2\/posts\/69958"}],"collection":[{"href":"https:\/\/archive.sana.sy\/es\/index.php?rest_route=\/wp\/v2\/posts"}],"about":[{"href":"https:\/\/archive.sana.sy\/es\/index.php?rest_route=\/wp\/v2\/types\/post"}],"author":[{"embeddable":true,"href":"https:\/\/archive.sana.sy\/es\/index.php?rest_route=\/wp\/v2\/users\/1"}],"replies":[{"embeddable":true,"href":"https:\/\/archive.sana.sy\/es\/index.php?rest_route=%2Fwp%2Fv2%2Fcomments&post=69958"}],"version-history":[{"count":0,"href":"https:\/\/archive.sana.sy\/es\/index.php?rest_route=\/wp\/v2\/posts\/69958\/revisions"}],"wp:featuredmedia":[{"embeddable":true,"href":"https:\/\/archive.sana.sy\/es\/index.php?rest_route=\/wp\/v2\/media\/69959"}],"wp:attachment":[{"href":"https:\/\/archive.sana.sy\/es\/index.php?rest_route=%2Fwp%2Fv2%2Fmedia&parent=69958"}],"wp:term":[{"taxonomy":"category","embeddable":true,"href":"https:\/\/archive.sana.sy\/es\/index.php?rest_route=%2Fwp%2Fv2%2Fcategories&post=69958"},{"taxonomy":"post_tag","embeddable":true,"href":"https:\/\/archive.sana.sy\/es\/index.php?rest_route=%2Fwp%2Fv2%2Ftags&post=69958"}],"curies":[{"name":"wp","href":"https:\/\/api.w.org\/{rel}","templated":true}]}}