{"id":69964,"date":"2017-09-17T18:18:45","date_gmt":"2017-09-17T15:18:45","guid":{"rendered":"http:\/\/www.sana.sy\/es\/?p=69964"},"modified":"2017-09-17T18:41:22","modified_gmt":"2017-09-17T15:41:22","slug":"al-assad-gobiernos-occidentales-aun-proporcionan-apoyo-a-terroristas-en-siria","status":"publish","type":"post","link":"https:\/\/archive.sana.sy\/es\/?p=69964","title":{"rendered":"Al-Assad: Gobiernos occidentales a\u00fan proporcionan apoyo a terroristas en Siria"},"content":{"rendered":"<p>Damasco-SANA<\/p>\n<p>El presidente Bashar Al-Assad, recibi\u00f3 el domingo una delegaci\u00f3n parlamentaria italiana, encabezada por el senador Mario Romani, miembro del Senado italiano.<\/p>\n<p>Las conversaciones entre el presidente Al-Assad y los miembros de delegaci\u00f3n giraron en torno a los \u00faltimos acontecimientos en Siria a la luz de la guerra terrorista desatada contra el pa\u00eds y lo percibido por los miembros de la delegaci\u00f3n durante sus visitas a varias regiones en Siria, adem\u00e1s de abordar la desinformaci\u00f3n difundida por los medios de comunicaci\u00f3n occidentales durante los a\u00f1os de la guerra.<\/p>\n<p>El presidente Al-Assad hizo hincapi\u00e9 en que algunos gobiernos occidentales a\u00fan est\u00e1n proporcionando apoyo a las organizaciones terroristas en Siria, ya sea de forma directa o indirecta, a pesar de sufrir sus pueblos, de las repercusiones del terrorismo en sus respectivos pa\u00edses.<\/p>\n<p>\u00a8Las visitas de las delegaciones europeas a Siria y su conocimiento de los hechos como son en la realidad, podr\u00edan contribuir para generar un cambio de la opini\u00f3n p\u00fablica occidental hacia lo que est\u00e1 ocurriendo en Siria, especialmente despu\u00e9s de haberse dado cuenta de las mentiras que divulgan los medios de comunicaci\u00f3n occidentales sobre Siria que solo sirven a las pol\u00edticas de los gobiernos, y no a los intereses de los pueblos\u00a8, destac\u00f3 el presidente Al-Assad.<\/p>\n<p>\u00a8Tambi\u00e9n podr\u00edan ayudar a levantar el embargo econ\u00f3mico impuesto sobre Siria que aumenta el sufrimiento de los sirios y repercute negativamente en su vida cotidiana.<\/p>\n<p>Por su parte, los miembros de la delegaci\u00f3n italiana expresaron su solidaridad con el pueblo sirio en su guerra contra el terrorismo, indicando que el terrorismo que ha azotado a Siria, ha comenzado a afectar a varios pa\u00edses europeos y constituye adem\u00e1s una amenaza para la seguridad, la vida y el futuro de sus ciudadanos europeos.<\/p>\n<p>Asimismo afirmaron que no escatimar\u00e1n esfuerzos ninguno para aclarar a la opini\u00f3n publica de su pa\u00eds y otros pa\u00edses europeos, sobre la realidad de lo que est\u00e1 pasando en Siria adem\u00e1s de trabajar para levantar el injusto bloqueo impuesto contra el pueblo sirio.<\/p>\n<p>En el mismo contexto, el viceprimer ministro y ministro de Exteriores y Expatriados, Walid al-Moallem, se reuni\u00f3 con la delegaci\u00f3n parlamentaria italiana, oportunidad durante la cual subray\u00f3 que Siria continuar\u00e1 la lucha contra el terrorismo hasta erradicar este flagelo de cada pulgada de territorio.<\/p>\n<p>Agreg\u00f3 que Siria apoya a todos los esfuerzos encaminados a encontrar una soluci\u00f3n pol\u00edtica a la crisis, mediante un di\u00e1logo inter-sirio, sin injerencia externa, y el impulso del proceso de reconciliaci\u00f3n nacional.<\/p>\n<p>Y.K.<\/p>\n","protected":false},"excerpt":{"rendered":"<p>Damasco-SANA El presidente Bashar Al-Assad, recibi\u00f3 el domingo una delegaci\u00f3n parlamentaria italiana, encabezada por el senador Mario Romani, miembro del Senado italiano. Las conversaciones entre el presidente Al-Assad y los miembros de delegaci\u00f3n giraron en torno a los \u00faltimos acontecimientos en Siria a la luz de la guerra terrorista desatada contra el pa\u00eds y lo &hellip;<\/p>\n","protected":false},"author":1,"featured_media":69965,"comment_status":"closed","ping_status":"closed","sticky":false,"template":"","format":"standard","meta":{"footnotes":""},"categories":[583,626],"tags":[],"class_list":["post-69964","post","type-post","status-publish","format-standard","has-post-thumbnail","","category-slide","category-sr-presidente"],"_links":{"self":[{"href":"https:\/\/archive.sana.sy\/es\/index.php?rest_route=\/wp\/v2\/posts\/69964"}],"collection":[{"href":"https:\/\/archive.sana.sy\/es\/index.php?rest_route=\/wp\/v2\/posts"}],"about":[{"href":"https:\/\/archive.sana.sy\/es\/index.php?rest_route=\/wp\/v2\/types\/post"}],"author":[{"embeddable":true,"href":"https:\/\/archive.sana.sy\/es\/index.php?rest_route=\/wp\/v2\/users\/1"}],"replies":[{"embeddable":true,"href":"https:\/\/archive.sana.sy\/es\/index.php?rest_route=%2Fwp%2Fv2%2Fcomments&post=69964"}],"version-history":[{"count":0,"href":"https:\/\/archive.sana.sy\/es\/index.php?rest_route=\/wp\/v2\/posts\/69964\/revisions"}],"wp:featuredmedia":[{"embeddable":true,"href":"https:\/\/archive.sana.sy\/es\/index.php?rest_route=\/wp\/v2\/media\/69965"}],"wp:attachment":[{"href":"https:\/\/archive.sana.sy\/es\/index.php?rest_route=%2Fwp%2Fv2%2Fmedia&parent=69964"}],"wp:term":[{"taxonomy":"category","embeddable":true,"href":"https:\/\/archive.sana.sy\/es\/index.php?rest_route=%2Fwp%2Fv2%2Fcategories&post=69964"},{"taxonomy":"post_tag","embeddable":true,"href":"https:\/\/archive.sana.sy\/es\/index.php?rest_route=%2Fwp%2Fv2%2Ftags&post=69964"}],"curies":[{"name":"wp","href":"https:\/\/api.w.org\/{rel}","templated":true}]}}