{"id":6997,"date":"2014-08-13T22:43:28","date_gmt":"2014-08-13T19:43:28","guid":{"rendered":"http:\/\/www.sana.sy\/es\/?p=6997"},"modified":"2023-01-09T14:10:39","modified_gmt":"2023-01-09T12:10:39","slug":"delegaciones-populares-durante-una-reunion-con-el-patriarca-yazigi-en-homs-la-familia-siria-esta-unida","status":"publish","type":"post","link":"https:\/\/archive.sana.sy\/es\/?p=6997","title":{"rendered":"Delegaciones populares durante una reuni\u00f3n con el Patriarca Yazigi en Homs: la familia siria est\u00e1 unida"},"content":{"rendered":"<p style=\"text-align: justify\"><span style=\"color: #800000\">Homs, SANA<\/span><\/p>\n<p style=\"text-align: justify\">Delegaciones populares encabezadas por el Monasterio de San Jorge, patriarcal de la rub\u00e9ola en Al-Mishtaieh en la localidad de Wadi Al-Nadara en Homs confirmaron que la familia siria est\u00e1 unida y seguir\u00e1 viviendo en paz, fraternidad y amistad en Siria.<\/p>\n<p style=\"text-align: justify\">En un encuentro con el Patriarca de Antioqu\u00eda y todo el Oriente, Juan X Yazigi, en el monasterio, las delegaciones se\u00f1alaron que lo que est\u00e1 sucediendo en Siria es una conspiraci\u00f3n que se dirige tanto contra los musulmanes como los cristianos de la patria, reiterando el compromiso de permanecer en Siria, junto con sus hermanos musulmanes.<\/p>\n<p style=\"text-align: justify\">Los participantes oraron para que Dios proteja a Siria, su liderazgo y el ej\u00e9rcito, as\u00ed como para que vuelva como era antes, una casa de la paz y la amistad.<br \/>\nTambi\u00e9n expresaron que la visita del Patriarca a su localidad es una fuente de orgullo y amistad para ellos, haciendo hincapi\u00e9 en que no van a abandonar Siria, que cuyos hijos permanecer\u00e1n unidos.<\/p>\n<p style=\"text-align: justify\"><span style=\"color: #0000ff\">Ghifar Al.<\/span><\/p>\n<p style=\"text-align: justify\">\n","protected":false},"excerpt":{"rendered":"<p>Homs, SANA Delegaciones populares encabezadas por el Monasterio de San Jorge, patriarcal de la rub\u00e9ola en Al-Mishtaieh en la localidad de Wadi Al-Nadara en Homs confirmaron que la familia siria est\u00e1 unida y seguir\u00e1 viviendo en paz, fraternidad y amistad en Siria. En un encuentro con el Patriarca de Antioqu\u00eda y todo el Oriente, Juan &hellip;<\/p>\n","protected":false},"author":1,"featured_media":6998,"comment_status":"closed","ping_status":"closed","sticky":false,"template":"","format":"standard","meta":{"footnotes":""},"categories":[597,476],"tags":[1603],"class_list":["post-6997","post","type-post","status-publish","format-standard","has-post-thumbnail","","category-cinta-de-noticias","category-locales","tag-delegaciones-populares-durante-una-reunion-con-el-patriarca-yazigi-en-homs-la-familia-siria-esta-unida"],"_links":{"self":[{"href":"https:\/\/archive.sana.sy\/es\/index.php?rest_route=\/wp\/v2\/posts\/6997"}],"collection":[{"href":"https:\/\/archive.sana.sy\/es\/index.php?rest_route=\/wp\/v2\/posts"}],"about":[{"href":"https:\/\/archive.sana.sy\/es\/index.php?rest_route=\/wp\/v2\/types\/post"}],"author":[{"embeddable":true,"href":"https:\/\/archive.sana.sy\/es\/index.php?rest_route=\/wp\/v2\/users\/1"}],"replies":[{"embeddable":true,"href":"https:\/\/archive.sana.sy\/es\/index.php?rest_route=%2Fwp%2Fv2%2Fcomments&post=6997"}],"version-history":[{"count":0,"href":"https:\/\/archive.sana.sy\/es\/index.php?rest_route=\/wp\/v2\/posts\/6997\/revisions"}],"wp:featuredmedia":[{"embeddable":true,"href":"https:\/\/archive.sana.sy\/es\/index.php?rest_route=\/wp\/v2\/media\/6998"}],"wp:attachment":[{"href":"https:\/\/archive.sana.sy\/es\/index.php?rest_route=%2Fwp%2Fv2%2Fmedia&parent=6997"}],"wp:term":[{"taxonomy":"category","embeddable":true,"href":"https:\/\/archive.sana.sy\/es\/index.php?rest_route=%2Fwp%2Fv2%2Fcategories&post=6997"},{"taxonomy":"post_tag","embeddable":true,"href":"https:\/\/archive.sana.sy\/es\/index.php?rest_route=%2Fwp%2Fv2%2Ftags&post=6997"}],"curies":[{"name":"wp","href":"https:\/\/api.w.org\/{rel}","templated":true}]}}