{"id":69971,"date":"2017-09-17T16:00:03","date_gmt":"2017-09-17T13:00:03","guid":{"rendered":"http:\/\/www.sana.sy\/es\/?p=69971"},"modified":"2017-09-17T19:31:19","modified_gmt":"2017-09-17T16:31:19","slug":"69971","status":"publish","type":"post","link":"https:\/\/archive.sana.sy\/es\/?p=69971","title":{"rendered":"Lanzada una nueva campa\u00f1a de vacunaci\u00f3n contra el sarampi\u00f3n"},"content":{"rendered":"<p>Damasco, SANA<\/p>\n<p>El Ministerio de Salud lanz\u00f3 hoy una campa\u00f1a de vacunaci\u00f3n contra el sarampi\u00f3n que durar\u00e1 hasta el 28 de este mes de septiembre.<\/p>\n<p>La campa\u00f1a va proyectada hacia los ni\u00f1os de entre 7 meses y 12 a\u00f1os de edad y cuenta con centros sanitarios, escuelas y equipos m\u00e9dicos m\u00f3viles.<\/p>\n<p>La campa\u00f1a lanzada por el Ministerio de Salud fue en colaboraci\u00f3n con la Organizaci\u00f3n de Salud Mundial (OMS) y la Organizaci\u00f3n de las Naciones Unidos para la Infancia (UNICEF) y el ministerio de educaci\u00f3n.<\/p>\n<p>Y.K.<\/p>\n","protected":false},"excerpt":{"rendered":"<p>Damasco, SANA El Ministerio de Salud lanz\u00f3 hoy una campa\u00f1a de vacunaci\u00f3n contra el sarampi\u00f3n que durar\u00e1 hasta el 28 de este mes de septiembre. La campa\u00f1a va proyectada hacia los ni\u00f1os de entre 7 meses y 12 a\u00f1os de edad y cuenta con centros sanitarios, escuelas y equipos m\u00e9dicos m\u00f3viles. La campa\u00f1a lanzada por &hellip;<\/p>\n","protected":false},"author":1,"featured_media":69972,"comment_status":"closed","ping_status":"closed","sticky":false,"template":"","format":"standard","meta":{"footnotes":""},"categories":[476,7541],"tags":[],"class_list":["post-69971","post","type-post","status-publish","format-standard","has-post-thumbnail","","category-locales","category-ultimas-noticias"],"_links":{"self":[{"href":"https:\/\/archive.sana.sy\/es\/index.php?rest_route=\/wp\/v2\/posts\/69971"}],"collection":[{"href":"https:\/\/archive.sana.sy\/es\/index.php?rest_route=\/wp\/v2\/posts"}],"about":[{"href":"https:\/\/archive.sana.sy\/es\/index.php?rest_route=\/wp\/v2\/types\/post"}],"author":[{"embeddable":true,"href":"https:\/\/archive.sana.sy\/es\/index.php?rest_route=\/wp\/v2\/users\/1"}],"replies":[{"embeddable":true,"href":"https:\/\/archive.sana.sy\/es\/index.php?rest_route=%2Fwp%2Fv2%2Fcomments&post=69971"}],"version-history":[{"count":0,"href":"https:\/\/archive.sana.sy\/es\/index.php?rest_route=\/wp\/v2\/posts\/69971\/revisions"}],"wp:featuredmedia":[{"embeddable":true,"href":"https:\/\/archive.sana.sy\/es\/index.php?rest_route=\/wp\/v2\/media\/69972"}],"wp:attachment":[{"href":"https:\/\/archive.sana.sy\/es\/index.php?rest_route=%2Fwp%2Fv2%2Fmedia&parent=69971"}],"wp:term":[{"taxonomy":"category","embeddable":true,"href":"https:\/\/archive.sana.sy\/es\/index.php?rest_route=%2Fwp%2Fv2%2Fcategories&post=69971"},{"taxonomy":"post_tag","embeddable":true,"href":"https:\/\/archive.sana.sy\/es\/index.php?rest_route=%2Fwp%2Fv2%2Ftags&post=69971"}],"curies":[{"name":"wp","href":"https:\/\/api.w.org\/{rel}","templated":true}]}}