{"id":69976,"date":"2017-09-17T20:05:46","date_gmt":"2017-09-17T17:05:46","guid":{"rendered":"http:\/\/www.sana.sy\/es\/?p=69976"},"modified":"2017-09-17T20:05:46","modified_gmt":"2017-09-17T17:05:46","slug":"medico-sirio-nominado-para-el-premio-nansen-para-los-refugiados","status":"publish","type":"post","link":"https:\/\/archive.sana.sy\/es\/?p=69976","title":{"rendered":"Medico sirio nominado para el premio Nansen para los refugiados"},"content":{"rendered":"<p>Damasco Sana<\/p>\n<p>A pocos kil\u00f3metros de Damasco, y en una peque\u00f1a cl\u00ednica en la ciudad de Jaramana, el m\u00e9dico Ihsan Ezzedine sigue el mensaje que hab\u00eda iniciado hace medio siglo en servicio de los enfermos y necesitados. En medio de la enorme presi\u00f3n de pacientes, el medico de los pobres encuentra el bienestar psicol\u00f3gico.<\/p>\n<p>El Dr. Ezzedine, a pesar de sus a\u00f1os setenta, atiende a los pacientes de 12 a 16 horas al d\u00eda desde que se gradu\u00f3 de la Facultad de Medicina de la Universidad de Damasco como especialista en medicina interna y en pediatr\u00eda en el a\u00f1o 1968 hasta la actualidad.<\/p>\n<p>El Dr. Ezzedine dijo: &#8220;Yo trabajo en la cl\u00ednica durante muchas horas al d\u00eda y luego realizo visitas a los pacientes que no son capaces de salir de la casa, pero recientemente y como resultado de mi salud dej\u00e9 de pasar visita a los pacientes en el hogar y trato de comunicarme con ellos a trav\u00e9s de diferentes medios.&#8221;<\/p>\n<p>Se\u00f1ala el Dr. Ezzedine que el pobre medio en el que creci\u00f3 fue la mayor motivaci\u00f3n para \u00e9l, pues insisti\u00f3 en estudiar medicina para servir a las personas necesitadas y que no son capaces de pagar por el tratamiento m\u00e9dico.<br \/>\n\u00a8Cobro algo simb\u00f3lico, y distribuyo la medicina gratuitamente a los parientes si est\u00e1 disponible\u00a8, indic\u00f3<\/p>\n<p>Ezzedine, adem\u00e1s de trabajar en su cl\u00ednica, supervisa a una asociaci\u00f3n de caridad en Jaramana.<\/p>\n<p>La dedicaci\u00f3n del m\u00e9dico de los pobres y su car\u00e1cter humano han permitido que gane el respeto y amor de las personas que lo rodean, hecho que impuls\u00f3 al Alto Comisionado de las Naciones Unidas para los Refugiados (ACNUR) que anunciara su nominaci\u00f3n para el premio Nansen para los refugiados.<\/p>\n<p>Y.K.<\/p>\n","protected":false},"excerpt":{"rendered":"<p>Damasco Sana A pocos kil\u00f3metros de Damasco, y en una peque\u00f1a cl\u00ednica en la ciudad de Jaramana, el m\u00e9dico Ihsan Ezzedine sigue el mensaje que hab\u00eda iniciado hace medio siglo en servicio de los enfermos y necesitados. En medio de la enorme presi\u00f3n de pacientes, el medico de los pobres encuentra el bienestar psicol\u00f3gico. El &hellip;<\/p>\n","protected":false},"author":1,"featured_media":69977,"comment_status":"closed","ping_status":"closed","sticky":false,"template":"","format":"standard","meta":{"footnotes":""},"categories":[477,476,7541],"tags":[],"class_list":["post-69976","post","type-post","status-publish","format-standard","has-post-thumbnail","","category-noticias-edulcorantes","category-locales","category-ultimas-noticias"],"_links":{"self":[{"href":"https:\/\/archive.sana.sy\/es\/index.php?rest_route=\/wp\/v2\/posts\/69976"}],"collection":[{"href":"https:\/\/archive.sana.sy\/es\/index.php?rest_route=\/wp\/v2\/posts"}],"about":[{"href":"https:\/\/archive.sana.sy\/es\/index.php?rest_route=\/wp\/v2\/types\/post"}],"author":[{"embeddable":true,"href":"https:\/\/archive.sana.sy\/es\/index.php?rest_route=\/wp\/v2\/users\/1"}],"replies":[{"embeddable":true,"href":"https:\/\/archive.sana.sy\/es\/index.php?rest_route=%2Fwp%2Fv2%2Fcomments&post=69976"}],"version-history":[{"count":0,"href":"https:\/\/archive.sana.sy\/es\/index.php?rest_route=\/wp\/v2\/posts\/69976\/revisions"}],"wp:featuredmedia":[{"embeddable":true,"href":"https:\/\/archive.sana.sy\/es\/index.php?rest_route=\/wp\/v2\/media\/69977"}],"wp:attachment":[{"href":"https:\/\/archive.sana.sy\/es\/index.php?rest_route=%2Fwp%2Fv2%2Fmedia&parent=69976"}],"wp:term":[{"taxonomy":"category","embeddable":true,"href":"https:\/\/archive.sana.sy\/es\/index.php?rest_route=%2Fwp%2Fv2%2Fcategories&post=69976"},{"taxonomy":"post_tag","embeddable":true,"href":"https:\/\/archive.sana.sy\/es\/index.php?rest_route=%2Fwp%2Fv2%2Ftags&post=69976"}],"curies":[{"name":"wp","href":"https:\/\/api.w.org\/{rel}","templated":true}]}}