{"id":69979,"date":"2017-09-17T20:38:14","date_gmt":"2017-09-17T17:38:14","guid":{"rendered":"http:\/\/www.sana.sy\/es\/?p=69979"},"modified":"2017-09-17T20:38:14","modified_gmt":"2017-09-17T17:38:14","slug":"el-embajador-venezolano-en-damasco-dice-que-el-complot-contra-venezuela-es-resultado-de-ambiciones-internacionales","status":"publish","type":"post","link":"https:\/\/archive.sana.sy\/es\/?p=69979","title":{"rendered":"El embajador venezolano en Damasco dice que el complot contra Venezuela es resultado de ambiciones internacionales\u00a0"},"content":{"rendered":"<p>&nbsp;<\/p>\n<p><span style=\"color: #800000;\">Damasco- SANA<\/span><\/p>\n<p>El embajador venezolano en Damasco, Imad Saab, afirm\u00f3 que el complot contra su pa\u00eds es resultado de ambiciones internacionales para saquear sus recursos.<\/p>\n<p>Durante un debate organizado por la misi\u00f3n diplom\u00e1tica de la Rep\u00fablica de Venezuela en su sede en Damasco, el embajador Saab aclar\u00f3 la realidad de los acontecimientos en su pa\u00eds, sobre todo, los actos de sabotaje practicados por las bandas que fing\u00edan las manifestaciones pac\u00edficas, mientras que en realidad atacaban a los civiles y polic\u00edas desarmados, y saboteaban las propiedades p\u00fablicas y privadas, donde quemaron 56 autobuses en un solo a\u00f1o.<\/p>\n<p>El embajador Saab se\u00f1al\u00f3 que el ataque imperialista contra su pa\u00eds es porque Venezuela posee el mayor reserva de petr\u00f3leo en el mundo, y ocupa el octavo puesto a nivel mundial en producci\u00f3n del gas, el tercer puesto en el oro, el sexto en diamantes, el quinto en el torio (que es una sustancia usada recientemente como alternativa al uranio en la energ\u00eda limpia).<\/p>\n<p>El embajador se\u00f1al\u00f3 las similitudes en el escenario empleado en Siria y Venezuela, a trav\u00e9s de crear crisis como la del medicamento, crear una falsa inflaci\u00f3n mediante la manipulaci\u00f3n del precio del d\u00f3lar, adem\u00e1s de un bloqueo econ\u00f3mico contra Venezuela.<\/p>\n<p>&nbsp;<\/p>\n<p>&nbsp;<\/p>\n<p><span style=\"color: #0000ff;\">Akram. S<\/span><\/p>\n","protected":false},"excerpt":{"rendered":"<p>&nbsp; Damasco- SANA El embajador venezolano en Damasco, Imad Saab, afirm\u00f3 que el complot contra su pa\u00eds es resultado de ambiciones internacionales para saquear sus recursos. Durante un debate organizado por la misi\u00f3n diplom\u00e1tica de la Rep\u00fablica de Venezuela en su sede en Damasco, el embajador Saab aclar\u00f3 la realidad de los acontecimientos en su &hellip;<\/p>\n","protected":false},"author":1,"featured_media":69980,"comment_status":"closed","ping_status":"closed","sticky":false,"template":"","format":"standard","meta":{"footnotes":""},"categories":[597,467,7541],"tags":[],"class_list":["post-69979","post","type-post","status-publish","format-standard","has-post-thumbnail","","category-cinta-de-noticias","category-siria-y-el-mundo","category-ultimas-noticias"],"_links":{"self":[{"href":"https:\/\/archive.sana.sy\/es\/index.php?rest_route=\/wp\/v2\/posts\/69979"}],"collection":[{"href":"https:\/\/archive.sana.sy\/es\/index.php?rest_route=\/wp\/v2\/posts"}],"about":[{"href":"https:\/\/archive.sana.sy\/es\/index.php?rest_route=\/wp\/v2\/types\/post"}],"author":[{"embeddable":true,"href":"https:\/\/archive.sana.sy\/es\/index.php?rest_route=\/wp\/v2\/users\/1"}],"replies":[{"embeddable":true,"href":"https:\/\/archive.sana.sy\/es\/index.php?rest_route=%2Fwp%2Fv2%2Fcomments&post=69979"}],"version-history":[{"count":0,"href":"https:\/\/archive.sana.sy\/es\/index.php?rest_route=\/wp\/v2\/posts\/69979\/revisions"}],"wp:featuredmedia":[{"embeddable":true,"href":"https:\/\/archive.sana.sy\/es\/index.php?rest_route=\/wp\/v2\/media\/69980"}],"wp:attachment":[{"href":"https:\/\/archive.sana.sy\/es\/index.php?rest_route=%2Fwp%2Fv2%2Fmedia&parent=69979"}],"wp:term":[{"taxonomy":"category","embeddable":true,"href":"https:\/\/archive.sana.sy\/es\/index.php?rest_route=%2Fwp%2Fv2%2Fcategories&post=69979"},{"taxonomy":"post_tag","embeddable":true,"href":"https:\/\/archive.sana.sy\/es\/index.php?rest_route=%2Fwp%2Fv2%2Ftags&post=69979"}],"curies":[{"name":"wp","href":"https:\/\/api.w.org\/{rel}","templated":true}]}}