{"id":69997,"date":"2017-09-18T11:53:46","date_gmt":"2017-09-18T08:53:46","guid":{"rendered":"http:\/\/www.sana.sy\/es\/?p=69997"},"modified":"2017-09-18T11:53:46","modified_gmt":"2017-09-18T08:53:46","slug":"primer-ministro-explica-ante-el-parlamento-los-resultados-de-la-labor-de-su-gabinete-durante-el-ultimo-periodo","status":"publish","type":"post","link":"https:\/\/archive.sana.sy\/es\/?p=69997","title":{"rendered":"Primer ministro explica ante el parlamento los resultados de la labor de su gabinete durante el \u00faltimo periodo"},"content":{"rendered":"<p><span style=\"color: #800000;\">Damasco, SANA<\/span><\/p>\n<p>La Asamblea del Pueblo (Parlamento) celebr\u00f3 su primera reuni\u00f3n de su quinto periodo ordinario.<\/p>\n<p>La reuni\u00f3n fue encabezada por el vicepresidente del parlamento, Najdat Anzour, y cont\u00f3 con la presencia del primer ministro Imad Khamis y varios ministros.<\/p>\n<p>El primer ministro explic\u00f3 los resultados de la labor de su gobierno durante los primeros meses de este a\u00f1o y destac\u00f3 que el Gobierno sigue trabajando en el tema de la reconciliaci\u00f3n y en este marco se lograron importantes resultados como poner fin a la presencia armada ilegal en varias zonas, adem\u00e1s de la rendici\u00f3n de m\u00e1s de 15.000 armados y buscados que fueron indultados, y se garantiz\u00f3 el retorno de cientos de miles de civiles a sus hogares, y la liberaci\u00f3n de cientos de civiles y militares secuestrados.<\/p>\n<p>Khamis explic\u00f3 que la reparaci\u00f3n de lo destruido por el terrorismo no es una cuesti\u00f3n f\u00e1cil en vista de los limitados recursos disponibles y el injusto bloqueo externo. En este sentido, dijo que se asign\u00f3 una suma de m\u00e1s de 76.000 millones de libras sirias (152 millones de d\u00f3lares) para la reconstrucci\u00f3n en zonas liberadas y para apoyar los proyectos en los municipios.<\/p>\n<p>Por otro lado, indic\u00f3 que el gobierno logr\u00f3 mantener la estabilidad del tipo de cambio de la libra siria frente al d\u00f3lar, lo cual ha repercutido de forma positiva en la estabilidad de los precios de los materiales y productos en el mercado sirio.<\/p>\n<p>En cuanto al campo de la ingenier\u00eda el\u00e9ctrica, Khamis se\u00f1al\u00f3 que se han reanudado las obras de ampliar la central el\u00e9ctrica de Deir Ali cerca de Damasco lo cual aumentar\u00e1 en 1500 Megavatios su capacidad generadora; adem\u00e1s concluir el proyecto de construir una nueva l\u00ednea el\u00e9ctrica de alta tensi\u00f3n entre Hama y Alepo, con 173 kil\u00f3metros de largo y a un costo de 14 millones de d\u00f3lares.<\/p>\n<p>Asimismo, el primer ministro explic\u00f3 que &#8220;el suministro de gas ha mejorado, especialmente de la producci\u00f3n nacional que alcanz\u00f3 13 millones de metros c\u00fabicos por d\u00eda, lo cual repercuti\u00f3 positivamente en el sector energ\u00e9tico en general y la actividad econ\u00f3mica en particular&#8221;.<\/p>\n<p>Tambi\u00e9n revel\u00f3 que &#8220;la Compa\u00f1\u00eda General de Fosfato comenz\u00f3 hace d\u00edas la producci\u00f3n experimental y se espera exportar un mill\u00f3n de toneladas de fosfato antes del fin de este a\u00f1o, mientras que la planta de fertilizante nitr\u00f3geno en Homs volvi\u00f3 a trabajar.<\/p>\n<p>En cuando al sector agr\u00edcola, Khamis dijo que llegaron 1450 vacas lecheras de de un total de 13 mil vacas que llegar\u00e1n al pa\u00eds antes del fin de a\u00f1o.<\/p>\n<p>En el sector industrial, el ingeniero Khamis explic\u00f3 que a pesar de todas las grandes p\u00e9rdidas, el \u00faltimo per\u00edodo fue testigo de una recuperaci\u00f3n notable donde 891 establecimientos industriales han vuelto a funcionar.<\/p>\n<p>En el sector bancario, el ingeniero Khamis se\u00f1al\u00f3 que los bancos p\u00fablicos est\u00e1n completando la modernizaci\u00f3n de su infraestructura y el desarrollo de sus servicios, y a este respecto, se firm\u00f3 un contrato para la compra de 50 nuevos cajeros autom\u00e1ticos por valor de 900 mil d\u00f3lares.<\/p>\n<p><span style=\"color: #0000ff;\">F. Marouf\/ Dr. Shaban<\/span><\/p>\n","protected":false},"excerpt":{"rendered":"<p>Damasco, SANA La Asamblea del Pueblo (Parlamento) celebr\u00f3 su primera reuni\u00f3n de su quinto periodo ordinario. La reuni\u00f3n fue encabezada por el vicepresidente del parlamento, Najdat Anzour, y cont\u00f3 con la presencia del primer ministro Imad Khamis y varios ministros. El primer ministro explic\u00f3 los resultados de la labor de su gobierno durante los primeros &hellip;<\/p>\n","protected":false},"author":1,"featured_media":69998,"comment_status":"closed","ping_status":"closed","sticky":false,"template":"","format":"standard","meta":{"footnotes":""},"categories":[597,476,7541],"tags":[10776],"class_list":["post-69997","post","type-post","status-publish","format-standard","has-post-thumbnail","","category-cinta-de-noticias","category-locales","category-ultimas-noticias","tag-primer-ministro-explica-ante-el-parlamento-los-resultados-de-la-labor-de-su-gabinete-durante-el-ultimo-periodo"],"_links":{"self":[{"href":"https:\/\/archive.sana.sy\/es\/index.php?rest_route=\/wp\/v2\/posts\/69997"}],"collection":[{"href":"https:\/\/archive.sana.sy\/es\/index.php?rest_route=\/wp\/v2\/posts"}],"about":[{"href":"https:\/\/archive.sana.sy\/es\/index.php?rest_route=\/wp\/v2\/types\/post"}],"author":[{"embeddable":true,"href":"https:\/\/archive.sana.sy\/es\/index.php?rest_route=\/wp\/v2\/users\/1"}],"replies":[{"embeddable":true,"href":"https:\/\/archive.sana.sy\/es\/index.php?rest_route=%2Fwp%2Fv2%2Fcomments&post=69997"}],"version-history":[{"count":0,"href":"https:\/\/archive.sana.sy\/es\/index.php?rest_route=\/wp\/v2\/posts\/69997\/revisions"}],"wp:featuredmedia":[{"embeddable":true,"href":"https:\/\/archive.sana.sy\/es\/index.php?rest_route=\/wp\/v2\/media\/69998"}],"wp:attachment":[{"href":"https:\/\/archive.sana.sy\/es\/index.php?rest_route=%2Fwp%2Fv2%2Fmedia&parent=69997"}],"wp:term":[{"taxonomy":"category","embeddable":true,"href":"https:\/\/archive.sana.sy\/es\/index.php?rest_route=%2Fwp%2Fv2%2Fcategories&post=69997"},{"taxonomy":"post_tag","embeddable":true,"href":"https:\/\/archive.sana.sy\/es\/index.php?rest_route=%2Fwp%2Fv2%2Ftags&post=69997"}],"curies":[{"name":"wp","href":"https:\/\/api.w.org\/{rel}","templated":true}]}}