{"id":70000,"date":"2017-09-18T12:06:39","date_gmt":"2017-09-18T09:06:39","guid":{"rendered":"http:\/\/www.sana.sy\/es\/?p=70000"},"modified":"2017-09-18T12:06:39","modified_gmt":"2017-09-18T09:06:39","slug":"el-patriarca-afram-ii-el-encuentro-de-la-juventud-siriaca-siria-es-un-mensaje-de-paz-y-seguridad-a-todo-el-mundo-desde-siria","status":"publish","type":"post","link":"https:\/\/archive.sana.sy\/es\/?p=70000","title":{"rendered":"El patriarca Afram II: \u201cel encuentro de la Juventud Sir\u00edaca Siria es un mensaje de paz y seguridad\u00a0a todo el mundo desde Siria\u201d"},"content":{"rendered":"<p><span style=\"color: #800000;\">Damasco- SANA<\/span><\/p>\n<p>El patriarca Mar Aghnatios Afram II de Antioqu\u00eda y todo el Oriente, m\u00e1xima autoridad de la\u00a0Iglesia Sir\u00edaca Ortodoxa en el mundo, afirm\u00f3 que el segundo encuentro de la Juventud Sir\u00edaca\u00a0Sirio representa un mensaje al mundo entero de que la paz y la seguridad han vuelto a Siria.<\/p>\n<p>El patriarca Afram elogi\u00f3 en una ceremonia en Damasco la victoria del Ej\u00e9rcito \u00c1rabe Sirio en\u00a0Deir Ezzor expresando su esperanza de que ese encuentro sea un rayo de esperanza para todos\u00a0los sirios que han podido reunirse despu\u00e9s de a\u00f1os de la injusta guerra contra Siria que est\u00e1\u00a0tratando de rasgar a la sociedad siria.<\/p>\n<p>Por su parte los participantes expresaron su alegr\u00eda por la victoria de Siria contra el terrorismo\u00a0acentuando que \u201cSiria no muere nunca\u201d y que este encuentro sirve para promover el amor y la\u00a0paz a la tierra seg\u00fan el mensaje del Se\u00f1or Jesucristo entre todos los sirios.<\/p>\n<p>Cabe destacar que la actividad incluy\u00f3 conciertos presentados por la Juventud Sir\u00edaca Siria.<\/p>\n<p><span style=\"color: #0000ff;\">Dr. A. Shaban<\/span><\/p>\n","protected":false},"excerpt":{"rendered":"<p>Damasco- SANA El patriarca Mar Aghnatios Afram II de Antioqu\u00eda y todo el Oriente, m\u00e1xima autoridad de la\u00a0Iglesia Sir\u00edaca Ortodoxa en el mundo, afirm\u00f3 que el segundo encuentro de la Juventud Sir\u00edaca\u00a0Sirio representa un mensaje al mundo entero de que la paz y la seguridad han vuelto a Siria. El patriarca Afram elogi\u00f3 en una &hellip;<\/p>\n","protected":false},"author":1,"featured_media":70001,"comment_status":"closed","ping_status":"closed","sticky":false,"template":"","format":"standard","meta":{"footnotes":""},"categories":[477,597,573,476,7541],"tags":[10777],"class_list":["post-70000","post","type-post","status-publish","format-standard","has-post-thumbnail","","category-noticias-edulcorantes","category-cinta-de-noticias","category-la-realidad-de-los-acontecimientos-en-siria","category-locales","category-ultimas-noticias","tag-el-patriarca-afram-ii-el-encuentro-de-la-juventud-siriaca-siria-es-un-mensaje-de-paz-y-seguridad-a-todo-el-mundo-desde-siria"],"_links":{"self":[{"href":"https:\/\/archive.sana.sy\/es\/index.php?rest_route=\/wp\/v2\/posts\/70000"}],"collection":[{"href":"https:\/\/archive.sana.sy\/es\/index.php?rest_route=\/wp\/v2\/posts"}],"about":[{"href":"https:\/\/archive.sana.sy\/es\/index.php?rest_route=\/wp\/v2\/types\/post"}],"author":[{"embeddable":true,"href":"https:\/\/archive.sana.sy\/es\/index.php?rest_route=\/wp\/v2\/users\/1"}],"replies":[{"embeddable":true,"href":"https:\/\/archive.sana.sy\/es\/index.php?rest_route=%2Fwp%2Fv2%2Fcomments&post=70000"}],"version-history":[{"count":0,"href":"https:\/\/archive.sana.sy\/es\/index.php?rest_route=\/wp\/v2\/posts\/70000\/revisions"}],"wp:featuredmedia":[{"embeddable":true,"href":"https:\/\/archive.sana.sy\/es\/index.php?rest_route=\/wp\/v2\/media\/70001"}],"wp:attachment":[{"href":"https:\/\/archive.sana.sy\/es\/index.php?rest_route=%2Fwp%2Fv2%2Fmedia&parent=70000"}],"wp:term":[{"taxonomy":"category","embeddable":true,"href":"https:\/\/archive.sana.sy\/es\/index.php?rest_route=%2Fwp%2Fv2%2Fcategories&post=70000"},{"taxonomy":"post_tag","embeddable":true,"href":"https:\/\/archive.sana.sy\/es\/index.php?rest_route=%2Fwp%2Fv2%2Ftags&post=70000"}],"curies":[{"name":"wp","href":"https:\/\/api.w.org\/{rel}","templated":true}]}}