{"id":70003,"date":"2017-09-18T12:18:28","date_gmt":"2017-09-18T09:18:28","guid":{"rendered":"http:\/\/www.sana.sy\/es\/?p=70003"},"modified":"2017-09-18T12:23:16","modified_gmt":"2017-09-18T09:23:16","slug":"lavrov-y-tellerson-examinaron-la-colaboracion-sobre-la-crisis-en-siria","status":"publish","type":"post","link":"https:\/\/archive.sana.sy\/es\/?p=70003","title":{"rendered":"Lavrov y Tellerson examinaron la colaboraci\u00f3n sobre la crisis en Siria"},"content":{"rendered":"<p><span style=\"color: #800000;\">Nueva York- SANA<\/span><\/p>\n<p>La portavoz del ministerio de Asuntos Exteriores ruso Mar\u00eda Zaxarova anunci\u00f3 hoy que los dos\u00a0cancilleres Lavrov y Tellerson discutieron durante la reuni\u00f3n celebrada en el edificio de la misi\u00f3n<br \/>\ndiplom\u00e1tica rusa en Nueva York la colaboraci\u00f3n sobre la crisis en Siria y la ejecuci\u00f3n del acuerdo\u00a0de Minsk sobre Ucrania.<\/p>\n<p>La agencia de noticias rusa Sputnik transmiti\u00f3 las palabras de Zaxarova a las periodistas tras la\u00a0reuni\u00f3n, en el sentido de que \u201cLavrov y Tellerson han celebrado una reuni\u00f3n discutiendo en la<br \/>\nmisma la crisis en Siria y los asuntos en Oriente Medio y en el norte de \u00c1frica adem\u00e1s de la\u00a0ejecuci\u00f3n del acuerdo de Minsk.<\/p>\n<p>Cabe mencionar que Lavrov se encuentra actualmente en Nueva York para participar en los\u00a0trabajos del 72\u00ba per\u00edodo de sesiones de la Asamblea General de las Naciones Unidas.<\/p>\n<p><span style=\"color: #0000ff;\">Dr. A. Shaban<\/span><\/p>\n","protected":false},"excerpt":{"rendered":"<p>Nueva York- SANA La portavoz del ministerio de Asuntos Exteriores ruso Mar\u00eda Zaxarova anunci\u00f3 hoy que los dos\u00a0cancilleres Lavrov y Tellerson discutieron durante la reuni\u00f3n celebrada en el edificio de la misi\u00f3n diplom\u00e1tica rusa en Nueva York la colaboraci\u00f3n sobre la crisis en Siria y la ejecuci\u00f3n del acuerdo\u00a0de Minsk sobre Ucrania. La agencia de &hellip;<\/p>\n","protected":false},"author":1,"featured_media":70004,"comment_status":"closed","ping_status":"closed","sticky":false,"template":"","format":"standard","meta":{"footnotes":""},"categories":[597,456,457,7541],"tags":[10778],"class_list":["post-70003","post","type-post","status-publish","format-standard","has-post-thumbnail","","category-cinta-de-noticias","category-arabe-internacional-politica","category-noticias-arabe-internacional-politica","category-ultimas-noticias","tag-lavrov-y-tellerson-examinaron-la-colaboracion-sobre-la-crisis-en-siria"],"_links":{"self":[{"href":"https:\/\/archive.sana.sy\/es\/index.php?rest_route=\/wp\/v2\/posts\/70003"}],"collection":[{"href":"https:\/\/archive.sana.sy\/es\/index.php?rest_route=\/wp\/v2\/posts"}],"about":[{"href":"https:\/\/archive.sana.sy\/es\/index.php?rest_route=\/wp\/v2\/types\/post"}],"author":[{"embeddable":true,"href":"https:\/\/archive.sana.sy\/es\/index.php?rest_route=\/wp\/v2\/users\/1"}],"replies":[{"embeddable":true,"href":"https:\/\/archive.sana.sy\/es\/index.php?rest_route=%2Fwp%2Fv2%2Fcomments&post=70003"}],"version-history":[{"count":0,"href":"https:\/\/archive.sana.sy\/es\/index.php?rest_route=\/wp\/v2\/posts\/70003\/revisions"}],"wp:featuredmedia":[{"embeddable":true,"href":"https:\/\/archive.sana.sy\/es\/index.php?rest_route=\/wp\/v2\/media\/70004"}],"wp:attachment":[{"href":"https:\/\/archive.sana.sy\/es\/index.php?rest_route=%2Fwp%2Fv2%2Fmedia&parent=70003"}],"wp:term":[{"taxonomy":"category","embeddable":true,"href":"https:\/\/archive.sana.sy\/es\/index.php?rest_route=%2Fwp%2Fv2%2Fcategories&post=70003"},{"taxonomy":"post_tag","embeddable":true,"href":"https:\/\/archive.sana.sy\/es\/index.php?rest_route=%2Fwp%2Fv2%2Ftags&post=70003"}],"curies":[{"name":"wp","href":"https:\/\/api.w.org\/{rel}","templated":true}]}}