{"id":70030,"date":"2017-09-18T20:36:59","date_gmt":"2017-09-18T17:36:59","guid":{"rendered":"http:\/\/www.sana.sy\/es\/?p=70030"},"modified":"2017-09-18T20:36:59","modified_gmt":"2017-09-18T17:36:59","slug":"danos-materiales-por-ataques-terroristas-con-cohetes-contra-la-ciudad-de-salamya-en-el-campo-de-hama","status":"publish","type":"post","link":"https:\/\/archive.sana.sy\/es\/?p=70030","title":{"rendered":"Da\u00f1os materiales por ataques terroristas con cohetes contra la ciudad de Salamya en el campo de Hama"},"content":{"rendered":"<p>&nbsp;<\/p>\n<p><span style=\"color: #800000;\">Hama-SANA<\/span><\/p>\n<p>Los terroristas de Daesh atacaron con cohetes la ciudad de Salamya en la comarca oriental de Hama.<\/p>\n<p>El corresponsal de SANA inform\u00f3 que los terroristas de Daesh atacaron con 5 cohetes los barrios residenciales en la ciudad de Salamya, lo que caus\u00f3 da\u00f1os materiales en las viviendas y la infraestructura.<\/p>\n<p>En un enclave asediado en el campo de Salamya se despliegan grupos terroristas de Daesh que atacan la ciudad con cohetes, en un intento de encubrir las p\u00e9rdidas sufridas durante el avance del Ej\u00e9rcito sirio en la zona.<\/p>\n<p>&nbsp;<\/p>\n<p><span style=\"color: #0000ff;\">Akram. S<\/span><\/p>\n","protected":false},"excerpt":{"rendered":"<p>&nbsp; Hama-SANA Los terroristas de Daesh atacaron con cohetes la ciudad de Salamya en la comarca oriental de Hama. El corresponsal de SANA inform\u00f3 que los terroristas de Daesh atacaron con 5 cohetes los barrios residenciales en la ciudad de Salamya, lo que caus\u00f3 da\u00f1os materiales en las viviendas y la infraestructura. En un enclave &hellip;<\/p>\n","protected":false},"author":1,"featured_media":70031,"comment_status":"closed","ping_status":"closed","sticky":false,"template":"","format":"standard","meta":{"footnotes":""},"categories":[597,573,7541],"tags":[],"class_list":["post-70030","post","type-post","status-publish","format-standard","has-post-thumbnail","","category-cinta-de-noticias","category-la-realidad-de-los-acontecimientos-en-siria","category-ultimas-noticias"],"_links":{"self":[{"href":"https:\/\/archive.sana.sy\/es\/index.php?rest_route=\/wp\/v2\/posts\/70030"}],"collection":[{"href":"https:\/\/archive.sana.sy\/es\/index.php?rest_route=\/wp\/v2\/posts"}],"about":[{"href":"https:\/\/archive.sana.sy\/es\/index.php?rest_route=\/wp\/v2\/types\/post"}],"author":[{"embeddable":true,"href":"https:\/\/archive.sana.sy\/es\/index.php?rest_route=\/wp\/v2\/users\/1"}],"replies":[{"embeddable":true,"href":"https:\/\/archive.sana.sy\/es\/index.php?rest_route=%2Fwp%2Fv2%2Fcomments&post=70030"}],"version-history":[{"count":0,"href":"https:\/\/archive.sana.sy\/es\/index.php?rest_route=\/wp\/v2\/posts\/70030\/revisions"}],"wp:featuredmedia":[{"embeddable":true,"href":"https:\/\/archive.sana.sy\/es\/index.php?rest_route=\/wp\/v2\/media\/70031"}],"wp:attachment":[{"href":"https:\/\/archive.sana.sy\/es\/index.php?rest_route=%2Fwp%2Fv2%2Fmedia&parent=70030"}],"wp:term":[{"taxonomy":"category","embeddable":true,"href":"https:\/\/archive.sana.sy\/es\/index.php?rest_route=%2Fwp%2Fv2%2Fcategories&post=70030"},{"taxonomy":"post_tag","embeddable":true,"href":"https:\/\/archive.sana.sy\/es\/index.php?rest_route=%2Fwp%2Fv2%2Ftags&post=70030"}],"curies":[{"name":"wp","href":"https:\/\/api.w.org\/{rel}","templated":true}]}}